{"id":14738,"date":"2021-05-20T13:26:35","date_gmt":"2021-05-20T19:26:35","guid":{"rendered":"http:\/\/elmetidosve.com\/?p=14738"},"modified":"2021-05-20T13:26:42","modified_gmt":"2021-05-20T19:26:42","slug":"suegro-de-funes-llega-extraditado-a-el-salvador","status":"publish","type":"post","link":"https:\/\/elmetidosv.com\/?p=14738","title":{"rendered":"Suegro de Funes llega extraditado a El Salvador"},"content":{"rendered":"\n<p>Juan Carlos Guzm\u00e1n, padre de Ada Luz de Guzm\u00e1n (Michy) y suegro de Mauricio Funes, lleg\u00f3 extraditado a El Salvador, la tarde de este mi\u00e9rcoles, informaron autoridades de justicia.<\/p>\n\n\n\n<p>Tras su llegada al Aeropuerto Internacional de Ilopango Guzm\u00e1n fue trasladado hacia el Juzgado Octavo de Instrucci\u00f3n de San Salvador para la intimaci\u00f3n ante el juez.<\/p>\n\n\n\n<p>\u201cAl llegar al pa\u00eds, el imputado Juan Guzm\u00e1n, suegro del expresidente Funes, ser\u00e1 presentado al juzgado, se har\u00e1 el proceso de intimaci\u00f3n, pasar\u00e1 a ser puesto en custodia y recluido en el centro penal que se determine de acuerdo con su peligrosidad\u201d, explic\u00f3 la PNC.<\/p>\n\n\n\n<p>Guzm\u00e1n en El Salvador se enfrenta a una orden de captura judicial por lavado de dinero y de activos, siendo parte del caso Saque P\u00fablico donde esta red sustrajo $350 millones del erario p\u00fablico.<\/p>\n\n\n\n<p>\u201cComo Fiscal\u00eda General de la Rep\u00fablica (FGR) estamos comprometido a que los fondos sean restituidos al Estado\u201d, asegur\u00f3 el titular de la FGR, Rodolfo Delgado, al tiempo que agreg\u00f3 que en El Salvador se llevar\u00e1 ante la justicia a todo aquel que quebrante la ley, sin importar qui\u00e9n sea.<\/p>\n\n\n\n<p>En su momento la FGR manifest\u00f3 que Guzm\u00e1n report\u00f3 gastos que no concordaron con sus ingresos, pues seg\u00fan informes gast\u00f3 $140,756.43 cuando sus ingresos fueron de $7,196.72.<br><\/p>\n","protected":false},"excerpt":{"rendered":"<p>Juan Carlos Guzm\u00e1n, padre de Ada Luz de Guzm\u00e1n (Michy) y suegro de Mauricio Funes, lleg\u00f3 extraditado a El Salvador,<\/p>\n","protected":false},"author":2,"featured_media":14739,"comment_status":"open","ping_status":"open","sticky":false,"template":"","format":"standard","meta":{"colormag_page_container_layout":"default_layout","colormag_page_sidebar_layout":"default_layout","footnotes":""},"categories":[1],"tags":[],"class_list":["post-14738","post","type-post","status-publish","format-standard","has-post-thumbnail","hentry","category-nacional"],"_links":{"self":[{"href":"https:\/\/elmetidosv.com\/index.php?rest_route=\/wp\/v2\/posts\/14738","targetHints":{"allow":["GET"]}}],"collection":[{"href":"https:\/\/elmetidosv.com\/index.php?rest_route=\/wp\/v2\/posts"}],"about":[{"href":"https:\/\/elmetidosv.com\/index.php?rest_route=\/wp\/v2\/types\/post"}],"author":[{"embeddable":true,"href":"https:\/\/elmetidosv.com\/index.php?rest_route=\/wp\/v2\/users\/2"}],"replies":[{"embeddable":true,"href":"https:\/\/elmetidosv.com\/index.php?rest_route=%2Fwp%2Fv2%2Fcomments&post=14738"}],"version-history":[{"count":1,"href":"https:\/\/elmetidosv.com\/index.php?rest_route=\/wp\/v2\/posts\/14738\/revisions"}],"predecessor-version":[{"id":14740,"href":"https:\/\/elmetidosv.com\/index.php?rest_route=\/wp\/v2\/posts\/14738\/revisions\/14740"}],"wp:featuredmedia":[{"embeddable":true,"href":"https:\/\/elmetidosv.com\/index.php?rest_route=\/wp\/v2\/media\/14739"}],"wp:attachment":[{"href":"https:\/\/elmetidosv.com\/index.php?rest_route=%2Fwp%2Fv2%2Fmedia&parent=14738"}],"wp:term":[{"taxonomy":"category","embeddable":true,"href":"https:\/\/elmetidosv.com\/index.php?rest_route=%2Fwp%2Fv2%2Fcategories&post=14738"},{"taxonomy":"post_tag","embeddable":true,"href":"https:\/\/elmetidosv.com\/index.php?rest_route=%2Fwp%2Fv2%2Ftags&post=14738"}],"curies":[{"name":"wp","href":"https:\/\/api.w.org\/{rel}","templated":true}]}}