{"id":14714,"date":"2021-05-17T18:36:24","date_gmt":"2021-05-18T00:36:24","guid":{"rendered":"http:\/\/elmetidosve.com\/?p=14714"},"modified":"2021-05-17T18:36:53","modified_gmt":"2021-05-18T00:36:53","slug":"los-juegos-olimpicos-se-llevaran-a-cabo-de-manera-segura-segun-sebastian-coe","status":"publish","type":"post","link":"https:\/\/elmetidosv.com\/?p=14714","title":{"rendered":"Los Juegos Ol\u00edmpicos se llevar\u00e1n a cabo de manera segura, seg\u00fan Sebastian Coe"},"content":{"rendered":"\n<p>El presidente de World Athletics (organismo que rige el atletismo a nivel mundial), Sebastian Coe, dice que conf\u00eda en que los Juegos Ol\u00edmpicos de Tokio se puedan llevar a cabo de manera segura, a pesar de los crecientes pedidos de cancelaci\u00f3n de los Juegos.<br>Jap\u00f3n est\u00e1 actualmente luchando contra una cuarta ola de infecciones por coronavirus y Tokio, junto con varias otras prefecturas, permanece en estado de emergencia hasta finales de mayo.<\/p>\n\n\n\n<p>En ese contexto, se present\u00f3 a los organizadores\u00a0una petici\u00f3n pidiendo la cancelaci\u00f3n de los Juegos Ol\u00edmpicos\u00a0de Tokio despu\u00e9s de obtener cientos de miles de firmas, y el director ejecutivo de la principal empresa japonesa de comercio electr\u00f3nico, Rakuten, ha calificado los planes para organizar los Juegos como una \u00abmisi\u00f3n suicida\u00bb.<\/p>\n\n\n\n<p>Pero Coe sigue confiando en que los Juegos Ol\u00edmpicos, ya pospuestos un a\u00f1o en medio de la pandemia, podr\u00e1n comenzar el 23 de julio seg\u00fan lo programado.<\/p>\n\n\n\n<p>\u00ab\u00bfDeber\u00edamos tener los Juegos? S\u00ed, deber\u00edamos. \u00bfPodemos tenerlos seguros y protegidos? Creo que podemos\u00bb, dijo Coe, cuatro veces medallista ol\u00edmpico y presidente de Atletismo Mundial desde 2015,\u00a0a CNN Sport.<\/p>\n\n\n\n<p>\u00abNo soy arrogante sobre eso. Pero s\u00ed creo que hay sistemas que ahora se han probado y probado. Sabemos mucho m\u00e1s sobre estos sistemas que hace un a\u00f1o\u00bb.<\/p>\n\n\n\n<p>Los organizadores han delineado planes estrictos con la esperanza de que los Juegos se puedan organizar de forma segura, incluidas pruebas rigurosas y medidas de seguimiento y movimientos restringidos para los atletas.<\/p>\n\n\n\n<p>\u00abPara los atletas, ser\u00e1 una experiencia est\u00e9ril. Creo que tenemos que aceptar eso. Es casi seguro que su d\u00eda ser\u00e1 de pueblo en lugar, de lugar en pueblo y tal vez en pistas de entrenamiento en el medio.<br>\u00abNo habr\u00e1 visitas tur\u00edsticas, no habr\u00e1 bares de karaoke. Quiero decir, los atletas serios no buscar\u00edan eso de todos modos, pero va a ser dif\u00edcil\u00bb.<\/p>\n\n\n\n<p>Coe, quien fue presidente del comit\u00e9 organizador de Londres 2012, dijo que \u00abrealmente no puede especular\u00bb sobre un escenario en el que los Juegos ser\u00edan cancelados, una decisi\u00f3n que el primer ministro japon\u00e9s Yoshihide Suga ha dicho que corresponde al Comit\u00e9 Ol\u00edmpico Internacional.<\/p>\n","protected":false},"excerpt":{"rendered":"<p>El presidente de World Athletics (organismo que rige el atletismo a nivel mundial), Sebastian Coe, dice que conf\u00eda en que<\/p>\n","protected":false},"author":2,"featured_media":14715,"comment_status":"open","ping_status":"open","sticky":false,"template":"","format":"standard","meta":{"colormag_page_container_layout":"default_layout","colormag_page_sidebar_layout":"default_layout","footnotes":""},"categories":[7],"tags":[],"class_list":["post-14714","post","type-post","status-publish","format-standard","has-post-thumbnail","hentry","category-deportes"],"_links":{"self":[{"href":"https:\/\/elmetidosv.com\/index.php?rest_route=\/wp\/v2\/posts\/14714","targetHints":{"allow":["GET"]}}],"collection":[{"href":"https:\/\/elmetidosv.com\/index.php?rest_route=\/wp\/v2\/posts"}],"about":[{"href":"https:\/\/elmetidosv.com\/index.php?rest_route=\/wp\/v2\/types\/post"}],"author":[{"embeddable":true,"href":"https:\/\/elmetidosv.com\/index.php?rest_route=\/wp\/v2\/users\/2"}],"replies":[{"embeddable":true,"href":"https:\/\/elmetidosv.com\/index.php?rest_route=%2Fwp%2Fv2%2Fcomments&post=14714"}],"version-history":[{"count":1,"href":"https:\/\/elmetidosv.com\/index.php?rest_route=\/wp\/v2\/posts\/14714\/revisions"}],"predecessor-version":[{"id":14716,"href":"https:\/\/elmetidosv.com\/index.php?rest_route=\/wp\/v2\/posts\/14714\/revisions\/14716"}],"wp:featuredmedia":[{"embeddable":true,"href":"https:\/\/elmetidosv.com\/index.php?rest_route=\/wp\/v2\/media\/14715"}],"wp:attachment":[{"href":"https:\/\/elmetidosv.com\/index.php?rest_route=%2Fwp%2Fv2%2Fmedia&parent=14714"}],"wp:term":[{"taxonomy":"category","embeddable":true,"href":"https:\/\/elmetidosv.com\/index.php?rest_route=%2Fwp%2Fv2%2Fcategories&post=14714"},{"taxonomy":"post_tag","embeddable":true,"href":"https:\/\/elmetidosv.com\/index.php?rest_route=%2Fwp%2Fv2%2Ftags&post=14714"}],"curies":[{"name":"wp","href":"https:\/\/api.w.org\/{rel}","templated":true}]}}