{"id":14704,"date":"2021-05-14T18:06:19","date_gmt":"2021-05-15T00:06:19","guid":{"rendered":"http:\/\/elmetidosve.com\/?p=14704"},"modified":"2021-05-14T18:09:29","modified_gmt":"2021-05-15T00:09:29","slug":"encuentran-cuerpos-en-la-casa-de-psicopata-capturado-en-chalchuapa-entre-ellos-tres-menores-de-7-9-y-2-anos-de-edad","status":"publish","type":"post","link":"https:\/\/elmetidosv.com\/?p=14704","title":{"rendered":"Encuentran cuerpos en la casa de psic\u00f3pata capturado en Chalchuapa entre ellos tres menores de 7, 9 y 2 a\u00f1os de edad"},"content":{"rendered":"\n<p>La Fiscal\u00eda General de la Rep\u00fablica (FGR) inform\u00f3, la tarde de este viernes, que ha localizado siete fosas donde se encuentran al menos diez cuerpos en la vivienda de Hugo Ernesto Ch\u00e1vez Osorio, quien fue capturado en el municipio de Chalchuapa, departamento de Santa Ana<\/p>\n\n\n\n<p>Confirman que restos encontrados pertenecen a siete mujeres y tres menores de 7, 9 y 2 a\u00f1os de edad.  <\/p>\n\n\n\n<p>\u201cEl trabajo que se est\u00e1 realizando aqu\u00ed es un poco largo. Se llevan descubiertos dos cad\u00e1veres. Se est\u00e1 trabajando dentro de la fosa que se tiene descubierta ahorita con cuatro cad\u00e1veres m\u00e1s, posiblemente otros cuatro que est\u00e1n en una fosa m\u00e1s. Adem\u00e1s, los peritos han establecido que en estas siete fosas m\u00e1s haya m\u00e1s cad\u00e1veres enterrados. Estamos hablando de cad\u00e1veres que por lo menos puedan tener dos a\u00f1os de estar ah\u00ed\u201d, se\u00f1al\u00f3 uno de los fiscales del caso.<\/p>\n\n\n\n<p>El pasado 10 de mayo, la Fiscal\u00eda present\u00f3 un requerimiento ante el Juzgado 1\u00b0 de Paz, en contra de Osorio Ch\u00e1vez. La FGR explic\u00f3 que el acusado fue capturado en fragancia por la Polic\u00eda Nacional civil, el pasado s\u00e1bado 8 de mayo, luego que ultimara a dos mujeres.<\/p>\n\n\n\n<p>Adem\u00e1s, manifest\u00f3 que con las investigaciones se establecer\u00e1 si existen m\u00e1s v\u00edctimas y si se le imputar\u00e1n m\u00e1s delitos a este sujeto. El hecho se registr\u00f3 a horas de la madrugada del s\u00e1bado, por medio del sistema de emergencia 911, la PNC atendi\u00f3 a un hecho violento en una casa del callej\u00f3n Est\u00e9vez, en Chalchuapa.<\/p>\n","protected":false},"excerpt":{"rendered":"<p>La Fiscal\u00eda General de la Rep\u00fablica (FGR) inform\u00f3, la tarde de este viernes, que ha localizado siete fosas donde se<\/p>\n","protected":false},"author":2,"featured_media":14640,"comment_status":"open","ping_status":"open","sticky":false,"template":"","format":"standard","meta":{"colormag_page_container_layout":"default_layout","colormag_page_sidebar_layout":"default_layout","footnotes":""},"categories":[1],"tags":[],"class_list":["post-14704","post","type-post","status-publish","format-standard","has-post-thumbnail","hentry","category-nacional"],"_links":{"self":[{"href":"https:\/\/elmetidosv.com\/index.php?rest_route=\/wp\/v2\/posts\/14704","targetHints":{"allow":["GET"]}}],"collection":[{"href":"https:\/\/elmetidosv.com\/index.php?rest_route=\/wp\/v2\/posts"}],"about":[{"href":"https:\/\/elmetidosv.com\/index.php?rest_route=\/wp\/v2\/types\/post"}],"author":[{"embeddable":true,"href":"https:\/\/elmetidosv.com\/index.php?rest_route=\/wp\/v2\/users\/2"}],"replies":[{"embeddable":true,"href":"https:\/\/elmetidosv.com\/index.php?rest_route=%2Fwp%2Fv2%2Fcomments&post=14704"}],"version-history":[{"count":3,"href":"https:\/\/elmetidosv.com\/index.php?rest_route=\/wp\/v2\/posts\/14704\/revisions"}],"predecessor-version":[{"id":14707,"href":"https:\/\/elmetidosv.com\/index.php?rest_route=\/wp\/v2\/posts\/14704\/revisions\/14707"}],"wp:featuredmedia":[{"embeddable":true,"href":"https:\/\/elmetidosv.com\/index.php?rest_route=\/wp\/v2\/media\/14640"}],"wp:attachment":[{"href":"https:\/\/elmetidosv.com\/index.php?rest_route=%2Fwp%2Fv2%2Fmedia&parent=14704"}],"wp:term":[{"taxonomy":"category","embeddable":true,"href":"https:\/\/elmetidosv.com\/index.php?rest_route=%2Fwp%2Fv2%2Fcategories&post=14704"},{"taxonomy":"post_tag","embeddable":true,"href":"https:\/\/elmetidosv.com\/index.php?rest_route=%2Fwp%2Fv2%2Ftags&post=14704"}],"curies":[{"name":"wp","href":"https:\/\/api.w.org\/{rel}","templated":true}]}}