{"id":14689,"date":"2021-05-14T13:31:55","date_gmt":"2021-05-14T19:31:55","guid":{"rendered":"http:\/\/elmetidosve.com\/?p=14689"},"modified":"2021-05-14T13:32:07","modified_gmt":"2021-05-14T19:32:07","slug":"operativo-logra-la-captura-de-29-delincuentes","status":"publish","type":"post","link":"https:\/\/elmetidosv.com\/?p=14689","title":{"rendered":"Operativo logra la captura de 29 delincuentes"},"content":{"rendered":"\n<figure class=\"wp-block-gallery columns-3 is-cropped wp-block-gallery-1 is-layout-flex wp-block-gallery-is-layout-flex\"><ul class=\"blocks-gallery-grid\"><li class=\"blocks-gallery-item\"><figure><img loading=\"lazy\" decoding=\"async\" width=\"360\" height=\"240\" src=\"http:\/\/elmetidosve.com\/wp-content\/uploads\/2021\/05\/0000-71.jpg\" alt=\"\" data-id=\"14690\" data-link=\"http:\/\/elmetidosve.com\/?attachment_id=14690\" class=\"wp-image-14690\" srcset=\"https:\/\/elmetidosv.com\/wp-content\/uploads\/2021\/05\/0000-71.jpg 360w, https:\/\/elmetidosv.com\/wp-content\/uploads\/2021\/05\/0000-71-300x200.jpg 300w\" sizes=\"auto, (max-width: 360px) 100vw, 360px\" \/><\/figure><\/li><li class=\"blocks-gallery-item\"><figure><img loading=\"lazy\" decoding=\"async\" width=\"360\" height=\"240\" src=\"http:\/\/elmetidosve.com\/wp-content\/uploads\/2021\/05\/000-34.jpg\" alt=\"\" data-id=\"14691\" data-link=\"http:\/\/elmetidosve.com\/?attachment_id=14691\" class=\"wp-image-14691\" srcset=\"https:\/\/elmetidosv.com\/wp-content\/uploads\/2021\/05\/000-34.jpg 360w, https:\/\/elmetidosv.com\/wp-content\/uploads\/2021\/05\/000-34-300x200.jpg 300w\" sizes=\"auto, (max-width: 360px) 100vw, 360px\" \/><\/figure><\/li><li class=\"blocks-gallery-item\"><figure><img loading=\"lazy\" decoding=\"async\" width=\"360\" height=\"240\" src=\"http:\/\/elmetidosve.com\/wp-content\/uploads\/2021\/05\/0000-72.jpg\" alt=\"\" data-id=\"14692\" data-full-url=\"http:\/\/elmetidosve.com\/wp-content\/uploads\/2021\/05\/0000-72.jpg\" data-link=\"http:\/\/elmetidosve.com\/?attachment_id=14692\" class=\"wp-image-14692\" srcset=\"https:\/\/elmetidosv.com\/wp-content\/uploads\/2021\/05\/0000-72.jpg 360w, https:\/\/elmetidosv.com\/wp-content\/uploads\/2021\/05\/0000-72-300x200.jpg 300w\" sizes=\"auto, (max-width: 360px) 100vw, 360px\" \/><\/figure><\/li><li class=\"blocks-gallery-item\"><figure><img loading=\"lazy\" decoding=\"async\" width=\"360\" height=\"240\" src=\"http:\/\/elmetidosve.com\/wp-content\/uploads\/2021\/05\/000-35.jpg\" alt=\"\" data-id=\"14693\" data-full-url=\"http:\/\/elmetidosve.com\/wp-content\/uploads\/2021\/05\/000-35.jpg\" data-link=\"http:\/\/elmetidosve.com\/?attachment_id=14693\" class=\"wp-image-14693\" srcset=\"https:\/\/elmetidosv.com\/wp-content\/uploads\/2021\/05\/000-35.jpg 360w, https:\/\/elmetidosv.com\/wp-content\/uploads\/2021\/05\/000-35-300x200.jpg 300w\" sizes=\"auto, (max-width: 360px) 100vw, 360px\" \/><\/figure><\/li><\/ul><\/figure>\n\n\n\n<p>La Polic\u00eda Nacional Civil (PNC) y la Fiscal\u00eda General de la Rep\u00fablica (FGR) realizaron esta madrugada un operativo de captura contra m\u00e1s 90 pandilleros en los departamentos de La Libertad, San Salvador y Santa Ana.<\/p>\n\n\n\n<p>La Fiscal\u00eda se\u00f1al\u00f3 que las investigaciones realizadas durante varias semanas determinaron que estas estructuras planeaban ejecutar hasta 17 homicidios en los pr\u00f3ximos d\u00edas.<\/p>\n\n\n\n<p>Durante los registros se encontr\u00f3 droga, armas de fuego, tel\u00e9fonos celulares, tarjetas de cr\u00e9dito y documentos como evidencia de los cr\u00edmenes cometidos.<\/p>\n\n\n\n<p>La Polic\u00eda reportaba un total de 29 capturados y 18 intimados. Entre los detenidos hay cuatro cabecillas de la pandilla MS. Uno de los cabecillas fue identificado como Juan Carlos Hern\u00e1ndez Melchor, a quien se le incautaron hasta $2,800 en efectivo.<\/p>\n\n\n\n<p>Seg\u00fan los reportes, todos los detenidos ser\u00e1n acusados de prop\u00f3sito y conspiraci\u00f3n de homicidio, tr\u00e1fico il\u00edcito de droga, extorsi\u00f3n, agrupaciones il\u00edcitas, entre otros delitos.<\/p>\n","protected":false},"excerpt":{"rendered":"<p>La Polic\u00eda Nacional Civil (PNC) y la Fiscal\u00eda General de la Rep\u00fablica (FGR) realizaron esta madrugada un operativo de captura<\/p>\n","protected":false},"author":2,"featured_media":14693,"comment_status":"open","ping_status":"open","sticky":false,"template":"","format":"standard","meta":{"colormag_page_container_layout":"default_layout","colormag_page_sidebar_layout":"default_layout","footnotes":""},"categories":[1],"tags":[],"class_list":["post-14689","post","type-post","status-publish","format-standard","has-post-thumbnail","hentry","category-nacional"],"_links":{"self":[{"href":"https:\/\/elmetidosv.com\/index.php?rest_route=\/wp\/v2\/posts\/14689","targetHints":{"allow":["GET"]}}],"collection":[{"href":"https:\/\/elmetidosv.com\/index.php?rest_route=\/wp\/v2\/posts"}],"about":[{"href":"https:\/\/elmetidosv.com\/index.php?rest_route=\/wp\/v2\/types\/post"}],"author":[{"embeddable":true,"href":"https:\/\/elmetidosv.com\/index.php?rest_route=\/wp\/v2\/users\/2"}],"replies":[{"embeddable":true,"href":"https:\/\/elmetidosv.com\/index.php?rest_route=%2Fwp%2Fv2%2Fcomments&post=14689"}],"version-history":[{"count":1,"href":"https:\/\/elmetidosv.com\/index.php?rest_route=\/wp\/v2\/posts\/14689\/revisions"}],"predecessor-version":[{"id":14694,"href":"https:\/\/elmetidosv.com\/index.php?rest_route=\/wp\/v2\/posts\/14689\/revisions\/14694"}],"wp:featuredmedia":[{"embeddable":true,"href":"https:\/\/elmetidosv.com\/index.php?rest_route=\/wp\/v2\/media\/14693"}],"wp:attachment":[{"href":"https:\/\/elmetidosv.com\/index.php?rest_route=%2Fwp%2Fv2%2Fmedia&parent=14689"}],"wp:term":[{"taxonomy":"category","embeddable":true,"href":"https:\/\/elmetidosv.com\/index.php?rest_route=%2Fwp%2Fv2%2Fcategories&post=14689"},{"taxonomy":"post_tag","embeddable":true,"href":"https:\/\/elmetidosv.com\/index.php?rest_route=%2Fwp%2Fv2%2Ftags&post=14689"}],"curies":[{"name":"wp","href":"https:\/\/api.w.org\/{rel}","templated":true}]}}