{"id":14676,"date":"2021-05-13T18:21:16","date_gmt":"2021-05-14T00:21:16","guid":{"rendered":"http:\/\/elmetidosve.com\/?p=14676"},"modified":"2021-05-13T18:21:25","modified_gmt":"2021-05-14T00:21:25","slug":"fiscal-inaugura-direccion-de-analisis-e-investigacion-en-fgr-san-miguel","status":"publish","type":"post","link":"https:\/\/elmetidosv.com\/?p=14676","title":{"rendered":"Fiscal inaugura direcci\u00f3n de an\u00e1lisis e investigaci\u00f3n en FGR San Miguel"},"content":{"rendered":"\n<figure class=\"wp-block-gallery columns-2 is-cropped wp-block-gallery-1 is-layout-flex wp-block-gallery-is-layout-flex\"><ul class=\"blocks-gallery-grid\"><li class=\"blocks-gallery-item\"><figure><img loading=\"lazy\" decoding=\"async\" width=\"240\" height=\"160\" src=\"http:\/\/elmetidosve.com\/wp-content\/uploads\/2021\/05\/0000-67.jpg\" alt=\"\" data-id=\"14677\" data-link=\"http:\/\/elmetidosve.com\/?attachment_id=14677\" class=\"wp-image-14677\"\/><\/figure><\/li><li class=\"blocks-gallery-item\"><figure><img loading=\"lazy\" decoding=\"async\" width=\"240\" height=\"160\" src=\"http:\/\/elmetidosve.com\/wp-content\/uploads\/2021\/05\/000-33.jpg\" alt=\"\" data-id=\"14678\" data-link=\"http:\/\/elmetidosve.com\/?attachment_id=14678\" class=\"wp-image-14678\"\/><\/figure><\/li><li class=\"blocks-gallery-item\"><figure><img loading=\"lazy\" decoding=\"async\" width=\"240\" height=\"160\" src=\"http:\/\/elmetidosve.com\/wp-content\/uploads\/2021\/05\/0000-68.jpg\" alt=\"\" data-id=\"14679\" data-full-url=\"http:\/\/elmetidosve.com\/wp-content\/uploads\/2021\/05\/0000-68.jpg\" data-link=\"http:\/\/elmetidosve.com\/?attachment_id=14679\" class=\"wp-image-14679\"\/><\/figure><\/li><\/ul><\/figure>\n\n\n\n<p>El fiscal general de la rep\u00fablica, Rodolfo Delgado, inaugur\u00f3 este d\u00eda las instalaciones de la Direcci\u00f3n de An\u00e1lisis, T\u00e9cnicas de Investigaci\u00f3n e Informaci\u00f3n en las instalaciones de San Miguel.<\/p>\n\n\n\n<p>De acuerdo con Delgado, con esta direcci\u00f3n se lograr\u00e1 una mayor coordinaci\u00f3n con los equipos de an\u00e1lisis t\u00e9cnicos de la PNC para combatir el crimen en la zona oriental del pa\u00eds.<\/p>\n\n\n\n<p>\u201cCon estas instalaciones se consolida su camino hacia una modernizaci\u00f3n y tecnificaci\u00f3n de las investigaciones\u2026 el uso de recursos t\u00e9cnicos en las investigaciones ejecutadas permiten obtener condenas contundentes\u201d, manifest\u00f3 el fiscal general. <\/p>\n\n\n\n<p>Delgado confirm\u00f3 a los empleados de la FGR en San Miguel que habr\u00e1 una mejor coordinaci\u00f3n con la PNC en todo tipo de investigaciones.<\/p>\n","protected":false},"excerpt":{"rendered":"<p>El fiscal general de la rep\u00fablica, Rodolfo Delgado, inaugur\u00f3 este d\u00eda las instalaciones de la Direcci\u00f3n de An\u00e1lisis, T\u00e9cnicas de<\/p>\n","protected":false},"author":2,"featured_media":14677,"comment_status":"open","ping_status":"open","sticky":false,"template":"","format":"standard","meta":{"colormag_page_container_layout":"default_layout","colormag_page_sidebar_layout":"default_layout","footnotes":""},"categories":[1],"tags":[],"class_list":["post-14676","post","type-post","status-publish","format-standard","has-post-thumbnail","hentry","category-nacional"],"_links":{"self":[{"href":"https:\/\/elmetidosv.com\/index.php?rest_route=\/wp\/v2\/posts\/14676","targetHints":{"allow":["GET"]}}],"collection":[{"href":"https:\/\/elmetidosv.com\/index.php?rest_route=\/wp\/v2\/posts"}],"about":[{"href":"https:\/\/elmetidosv.com\/index.php?rest_route=\/wp\/v2\/types\/post"}],"author":[{"embeddable":true,"href":"https:\/\/elmetidosv.com\/index.php?rest_route=\/wp\/v2\/users\/2"}],"replies":[{"embeddable":true,"href":"https:\/\/elmetidosv.com\/index.php?rest_route=%2Fwp%2Fv2%2Fcomments&post=14676"}],"version-history":[{"count":1,"href":"https:\/\/elmetidosv.com\/index.php?rest_route=\/wp\/v2\/posts\/14676\/revisions"}],"predecessor-version":[{"id":14681,"href":"https:\/\/elmetidosv.com\/index.php?rest_route=\/wp\/v2\/posts\/14676\/revisions\/14681"}],"wp:featuredmedia":[{"embeddable":true,"href":"https:\/\/elmetidosv.com\/index.php?rest_route=\/wp\/v2\/media\/14677"}],"wp:attachment":[{"href":"https:\/\/elmetidosv.com\/index.php?rest_route=%2Fwp%2Fv2%2Fmedia&parent=14676"}],"wp:term":[{"taxonomy":"category","embeddable":true,"href":"https:\/\/elmetidosv.com\/index.php?rest_route=%2Fwp%2Fv2%2Fcategories&post=14676"},{"taxonomy":"post_tag","embeddable":true,"href":"https:\/\/elmetidosv.com\/index.php?rest_route=%2Fwp%2Fv2%2Ftags&post=14676"}],"curies":[{"name":"wp","href":"https:\/\/api.w.org\/{rel}","templated":true}]}}