{"id":14673,"date":"2021-05-13T18:15:30","date_gmt":"2021-05-14T00:15:30","guid":{"rendered":"http:\/\/elmetidosve.com\/?p=14673"},"modified":"2021-05-13T18:15:38","modified_gmt":"2021-05-14T00:15:38","slug":"ejecutan-las-obras-de-mejoramiento-y-acondicionamiento-del-parque-recreativo-la-puerta-del-diablo","status":"publish","type":"post","link":"https:\/\/elmetidosv.com\/?p=14673","title":{"rendered":"Ejecutan las obras de mejoramiento y acondicionamiento del parque recreativo la Puerta del Diablo"},"content":{"rendered":"\n<p>El Gobierno Central a trav\u00e9s de distintas instituciones, ejecuta las obras de mejoramiento y acondicionamiento del parque recreativo la Puerta del Diablo, ubicado en Los Planes de Renderos, al sur de San Salvador.<\/p>\n\n\n\n<p>De acuerdo a las autoridades, el proyecto de remodelaci\u00f3n contempla dotar de instalaciones integradas a la naturaleza, que cuidan el entorno.<\/p>\n\n\n\n<p>En el lugar tambi\u00e9n habr\u00e1 disponible un \u00e1rea de esparcimiento, plazas, quioscos, accesibilidad para personas discapacitadas, adem\u00e1s de una plaza de comidas.<\/p>\n\n\n\n<p>Asimismo, se habilitar\u00e1 una oficina administrativa del Instituto Salvadore\u00f1o de Turismo (ISTU) con el prop\u00f3sito de facilitar la comunicaci\u00f3n con los visitantes.<\/p>\n\n\n\n<p>El proyecto tendr\u00e1 una inversi\u00f3n de 2 millones de d\u00f3lares, esto beneficiar\u00e1 a los m\u00e1s de novecientos mil visitantes que recibe anualmente este parque recreativo.<\/p>\n","protected":false},"excerpt":{"rendered":"<p>El Gobierno Central a trav\u00e9s de distintas instituciones, ejecuta las obras de mejoramiento y acondicionamiento del parque recreativo la Puerta<\/p>\n","protected":false},"author":2,"featured_media":14674,"comment_status":"open","ping_status":"open","sticky":false,"template":"","format":"standard","meta":{"colormag_page_container_layout":"default_layout","colormag_page_sidebar_layout":"default_layout","footnotes":""},"categories":[1],"tags":[],"class_list":["post-14673","post","type-post","status-publish","format-standard","has-post-thumbnail","hentry","category-nacional"],"_links":{"self":[{"href":"https:\/\/elmetidosv.com\/index.php?rest_route=\/wp\/v2\/posts\/14673","targetHints":{"allow":["GET"]}}],"collection":[{"href":"https:\/\/elmetidosv.com\/index.php?rest_route=\/wp\/v2\/posts"}],"about":[{"href":"https:\/\/elmetidosv.com\/index.php?rest_route=\/wp\/v2\/types\/post"}],"author":[{"embeddable":true,"href":"https:\/\/elmetidosv.com\/index.php?rest_route=\/wp\/v2\/users\/2"}],"replies":[{"embeddable":true,"href":"https:\/\/elmetidosv.com\/index.php?rest_route=%2Fwp%2Fv2%2Fcomments&post=14673"}],"version-history":[{"count":1,"href":"https:\/\/elmetidosv.com\/index.php?rest_route=\/wp\/v2\/posts\/14673\/revisions"}],"predecessor-version":[{"id":14675,"href":"https:\/\/elmetidosv.com\/index.php?rest_route=\/wp\/v2\/posts\/14673\/revisions\/14675"}],"wp:featuredmedia":[{"embeddable":true,"href":"https:\/\/elmetidosv.com\/index.php?rest_route=\/wp\/v2\/media\/14674"}],"wp:attachment":[{"href":"https:\/\/elmetidosv.com\/index.php?rest_route=%2Fwp%2Fv2%2Fmedia&parent=14673"}],"wp:term":[{"taxonomy":"category","embeddable":true,"href":"https:\/\/elmetidosv.com\/index.php?rest_route=%2Fwp%2Fv2%2Fcategories&post=14673"},{"taxonomy":"post_tag","embeddable":true,"href":"https:\/\/elmetidosv.com\/index.php?rest_route=%2Fwp%2Fv2%2Ftags&post=14673"}],"curies":[{"name":"wp","href":"https:\/\/api.w.org\/{rel}","templated":true}]}}