{"id":14531,"date":"2021-05-07T17:52:15","date_gmt":"2021-05-07T23:52:15","guid":{"rendered":"http:\/\/elmetidosve.com\/?p=14531"},"modified":"2021-05-07T17:52:21","modified_gmt":"2021-05-07T23:52:21","slug":"denuncian-penalmente-a-ex-magistrados","status":"publish","type":"post","link":"https:\/\/elmetidosv.com\/?p=14531","title":{"rendered":"Denuncian penalmente a ex Magistrados"},"content":{"rendered":"\n<p>Una fuente fiscal, inform\u00f3 que este d\u00eda los abogados del empresario Suizo Salvadore\u00f1o han interpuesto una denuncia penal en contra de los Ex Magistrados de Sala de lo Constitucional, Doctor \u00d3scar Armando Pineda Navas, licenciado Aldo Enrique C\u00e1der Camilot, licenciado Carlos Ernesto S\u00e1nchez Escobar, licenciada Marina de Jes\u00fas Marenco de Torrento y licenciado Carlos Sergio Avil\u00e9s Vel\u00e1squez, acus\u00e1ndolos de haber cometido los delitos de Incumplimiento de deberes (Art. 321 C\u00f3digo Penal) y el de Atentados relativos al derecho de igualdad (Art. 292 C\u00f3digo Penal), conductas que habr\u00edan cometido en perjuicio de Rais al demorar m\u00e1s all\u00e1 de lo razonable las resoluciones para reparar las violaciones cometidas en sus derechos fundamentales, especialmente el de la libertad.<\/p>\n\n\n\n<p>De acuerdo al contenido de la denuncia, los apoderados de Enrique Rais, consideran que la Sala retard\u00f3 injustificadamente emitir resoluciones de fondo, respecto de las solicitudes de H\u00e1beas Corpus que fueron promovidas para demostrar que el empresario se encontraba ilegal y arbitrariamente restringido en su derecho de libre circulaci\u00f3n y con ello prolong\u00f3 indebidamente los perjuicios generados a Enrique Rais.<\/p>\n\n\n\n<p>Existen solicitudes de H\u00e1beas Corpus que fueron presentadas en el mes de noviembre de 2018, a escasos d\u00edas que los ahora Exmagistrados tomaran posesi\u00f3n de su cargo, sin embargo dejaron transcurrir pr\u00e1cticamente DOS A\u00d1OS Y SEIS MESES, sin resolver la petici\u00f3n, sobrepasando por mucho lo que se conoce internacional y nacionalmente como \u201cplazo razonable\u201d<\/p>\n\n\n\n<p>En cuanto al delito de \u201cAtentados relativos al derecho de igualdad\u201d contenido en el art. 292 del C\u00f3digo Penal, de acuerdo con uno de los abogados de Enrique Rais, el fundamento o el por qu\u00e9 se invoca este delito, tiene que ver con la justicia constitucional \u201cselectiva\u201d que practicaron los magistrados reci\u00e9n destituidos, al grado que los expedientes de solicitudes de H\u00e1beas Corpus promovidos a  favor del empresario, no avanzaban y nunca fueron resueltos en todo ese periodo, a pesar que en ese tiempo se dio respuesta a otras peticiones que ingresaron mucho tiempo despu\u00e9s, como tambi\u00e9n se aplicaron medidas cautelares en casos relacionados con fiscalizaciones tributarias, que fueron adoptadas de forma \u201cexpr\u00e9s\u201d, de manera que hay suficientes indicios para establecer que el Tribunal Constitucional integrado por los ahora denunciados tuvo como prioridad resolver asuntos de naturaleza econ\u00f3mica o patrimonial, por encima de otros derechos; inclusive por sobre el derecho a la libertad f\u00edsica o ambulatoria.<\/p>\n\n\n\n<p>Los argumentos se\u00f1alados en la denuncia, vienen a coincidir con algunos de los criterios adoptados por la Asamblea Legislativa para decidir el 1\u00ba de mayo de 2021, la destituci\u00f3n de los Magistrados de la Sala de lo Constitucional, donde tambi\u00e9n se destac\u00f3 que inobservaron la obligaci\u00f3n bajo la cual manifestaron su compromiso con \u201ccumplir y hacer cumplir la Constituci\u00f3n\u201d lo que se materializ\u00f3 en \u201cinvasi\u00f3n de funciones de otros \u00d3rganos de Estado\u201d \u201ccategorizaci\u00f3n de casos a resolver, por prioridades vinculadas a criterios pol\u00edticos y econ\u00f3micos\u201d, \u201caplicaci\u00f3n discrecional de pautas normativas\u201d y \u201cdistanciamiento de criterios jurisprudenciales previos que se ajustaban al texto constitucional\u201d<\/p>\n\n\n\n<p>Para el abogado de Rais, detr\u00e1s del retardamiento de justicia para su cliente, se encontraban los intereses particulares del Ex Magistrado Carlos Ernesto S\u00e1nchez, quien sab\u00eda que dictar una sentencia apegada a derecho a favor del empresario, significaba aceptar que hab\u00eda cometido ilegalidades cuando formando parte de la C\u00e1mara 1\u00aa de lo Penal de San Salvador, junto con el Dr. Guillermo Ar\u00e9valo Dom\u00ednguez a fecha 12 de enero de 2017 le decretaron orden de detenci\u00f3n provisional a Enrique Rais, d\u00e1ndole validez a unas escuchas telef\u00f3nicas que ni ten\u00edan vinculaci\u00f3n con \u00e9ste y adem\u00e1s que sus efectos jur\u00eddicos hab\u00edan caducado.<\/p>\n\n\n\n<p>Sin embargo, la resoluci\u00f3n emitida por el Grupo de Trabajo sobre la Detenci\u00f3n Arbitraria de Naciones Unidas, al establecer que Rais sufri\u00f3 una privaci\u00f3n de libertad arbitraria, como resultado que se infringieron sus derechos humanos reconocidos en Tratados Internacionales que El Salvador est\u00e1 obligado a cumplir de buena fe, cuenta con un dictamen del m\u00e1s autorizado \u00f3rgano de Naciones Unidas, para esa materia; tal y como manifest\u00f3 la Fiscal\u00eda Suiza en la m\u00e1s reciente resoluci\u00f3n en que sobresey\u00f3 definitivamente a Enrique Rais, por los mismos hechos por los que est\u00e1 siendo juzgado en El Salvador, d\u00e1ndole total credibilidad al pronunciamiento del Grupo de Trabajo y cuestionando sobre todo las omisiones y retardos de justicia para reparar los da\u00f1os infrinfidos a Rais.<\/p>\n\n\n\n<p>Para el abogado de Enrique Rais, lo evidenciado por los Ex Magistrados de la Sala de lo Constitucional es sumamente grave, ya que convirtieron la justicia constitucional en una parcela favorable solamente a los \u201cmismos de siempre\u201d y que esto no puede volver a pasar, ya que en el caso del empresario, tuvo la oportunidad de ventilar su caso ante instancias internacionales, pero qu\u00e9 pasa con otros ciudadanos que requieren que su situaci\u00f3n se resuelva a trav\u00e9s de una Exhibici\u00f3n Personal o un Amparo, si no ten\u00eda los contactos o la ven\u00eda de los poderes f\u00e1cticos que controlaban el Tribunal, no ten\u00eda ninguna oportunidad de tutela efectiva. Por eso vemos la demora judicial que encuentran los nuevos Magistrados, porque es claro que la anterior Sala tuvo una agenda, que le demandaba su tiempo, donde ten\u00edas resoluciones en 24 o 48 horas, mientras en otros casos tenemos hasta 2 a\u00f1os para notificar una prevenci\u00f3n.<\/p>\n","protected":false},"excerpt":{"rendered":"<p>Una fuente fiscal, inform\u00f3 que este d\u00eda los abogados del empresario Suizo Salvadore\u00f1o han interpuesto una denuncia penal en contra<\/p>\n","protected":false},"author":2,"featured_media":14532,"comment_status":"open","ping_status":"open","sticky":false,"template":"","format":"standard","meta":{"colormag_page_container_layout":"default_layout","colormag_page_sidebar_layout":"default_layout","footnotes":""},"categories":[1],"tags":[],"class_list":["post-14531","post","type-post","status-publish","format-standard","has-post-thumbnail","hentry","category-nacional"],"_links":{"self":[{"href":"https:\/\/elmetidosv.com\/index.php?rest_route=\/wp\/v2\/posts\/14531","targetHints":{"allow":["GET"]}}],"collection":[{"href":"https:\/\/elmetidosv.com\/index.php?rest_route=\/wp\/v2\/posts"}],"about":[{"href":"https:\/\/elmetidosv.com\/index.php?rest_route=\/wp\/v2\/types\/post"}],"author":[{"embeddable":true,"href":"https:\/\/elmetidosv.com\/index.php?rest_route=\/wp\/v2\/users\/2"}],"replies":[{"embeddable":true,"href":"https:\/\/elmetidosv.com\/index.php?rest_route=%2Fwp%2Fv2%2Fcomments&post=14531"}],"version-history":[{"count":1,"href":"https:\/\/elmetidosv.com\/index.php?rest_route=\/wp\/v2\/posts\/14531\/revisions"}],"predecessor-version":[{"id":14533,"href":"https:\/\/elmetidosv.com\/index.php?rest_route=\/wp\/v2\/posts\/14531\/revisions\/14533"}],"wp:featuredmedia":[{"embeddable":true,"href":"https:\/\/elmetidosv.com\/index.php?rest_route=\/wp\/v2\/media\/14532"}],"wp:attachment":[{"href":"https:\/\/elmetidosv.com\/index.php?rest_route=%2Fwp%2Fv2%2Fmedia&parent=14531"}],"wp:term":[{"taxonomy":"category","embeddable":true,"href":"https:\/\/elmetidosv.com\/index.php?rest_route=%2Fwp%2Fv2%2Fcategories&post=14531"},{"taxonomy":"post_tag","embeddable":true,"href":"https:\/\/elmetidosv.com\/index.php?rest_route=%2Fwp%2Fv2%2Ftags&post=14531"}],"curies":[{"name":"wp","href":"https:\/\/api.w.org\/{rel}","templated":true}]}}