{"id":14516,"date":"2021-05-07T17:33:24","date_gmt":"2021-05-07T23:33:24","guid":{"rendered":"http:\/\/elmetidosve.com\/?p=14516"},"modified":"2021-05-07T17:33:33","modified_gmt":"2021-05-07T23:33:33","slug":"privados-de-libertad-apoyan-jornada-de-fumigacion","status":"publish","type":"post","link":"https:\/\/elmetidosv.com\/?p=14516","title":{"rendered":"Privados de libertad apoyan jornada de fumigaci\u00f3n"},"content":{"rendered":"\n<figure class=\"wp-block-gallery columns-2 is-cropped wp-block-gallery-1 is-layout-flex wp-block-gallery-is-layout-flex\"><ul class=\"blocks-gallery-grid\"><li class=\"blocks-gallery-item\"><figure><img loading=\"lazy\" decoding=\"async\" width=\"800\" height=\"533\" src=\"http:\/\/elmetidosve.com\/wp-content\/uploads\/2021\/05\/0000-27.jpg\" alt=\"\" data-id=\"14523\" data-full-url=\"http:\/\/elmetidosve.com\/wp-content\/uploads\/2021\/05\/0000-27.jpg\" data-link=\"http:\/\/elmetidosve.com\/?attachment_id=14523\" class=\"wp-image-14523\" srcset=\"https:\/\/elmetidosv.com\/wp-content\/uploads\/2021\/05\/0000-27.jpg 800w, https:\/\/elmetidosv.com\/wp-content\/uploads\/2021\/05\/0000-27-300x200.jpg 300w, https:\/\/elmetidosv.com\/wp-content\/uploads\/2021\/05\/0000-27-768x512.jpg 768w\" sizes=\"auto, (max-width: 800px) 100vw, 800px\" \/><\/figure><\/li><li class=\"blocks-gallery-item\"><figure><img loading=\"lazy\" decoding=\"async\" width=\"805\" height=\"550\" src=\"http:\/\/elmetidosve.com\/wp-content\/uploads\/2021\/05\/000-11.jpg\" alt=\"\" data-id=\"14524\" data-full-url=\"http:\/\/elmetidosve.com\/wp-content\/uploads\/2021\/05\/000-11.jpg\" data-link=\"http:\/\/elmetidosve.com\/?attachment_id=14524\" class=\"wp-image-14524\" srcset=\"https:\/\/elmetidosv.com\/wp-content\/uploads\/2021\/05\/000-11.jpg 805w, https:\/\/elmetidosv.com\/wp-content\/uploads\/2021\/05\/000-11-300x205.jpg 300w, https:\/\/elmetidosv.com\/wp-content\/uploads\/2021\/05\/000-11-768x525.jpg 768w, https:\/\/elmetidosv.com\/wp-content\/uploads\/2021\/05\/000-11-130x90.jpg 130w\" sizes=\"auto, (max-width: 805px) 100vw, 805px\" \/><\/figure><\/li><\/ul><\/figure>\n\n\n\n<p>Privados de libertad que pertenecen al programa de reinserci\u00f3n \u201d Plan Cero Ocio\u201d apoyaron este viernes en una jornada de fumigaci\u00f3n para evitar proliferaci\u00f3n del zancudo.<\/p>\n\n\n\n<p>Seg\u00fan la Direcci\u00f3n General de Centros Penales (DGCP) este insecto es transmisor dengue.<\/p>\n\n\n\n<p>Las acciones son en cumplimiento de los lineamientos dados por el Presidente Nayib Bukele a la Direcci\u00f3n General de Centros Penales dentro del programa \u201cPlan Cero Ocio\u201d.<\/p>\n\n\n\n<p>El prop\u00f3sito de este programa es crear h\u00e1bitos laborales en los internos, fomentar la disposici\u00f3n de servir a la poblaci\u00f3n y resarcir los da\u00f1os causados a la sociedad.<\/p>\n","protected":false},"excerpt":{"rendered":"<p>Privados de libertad que pertenecen al programa de reinserci\u00f3n \u201d Plan Cero Ocio\u201d apoyaron este viernes en una jornada de<\/p>\n","protected":false},"author":2,"featured_media":14523,"comment_status":"open","ping_status":"open","sticky":false,"template":"","format":"standard","meta":{"colormag_page_container_layout":"default_layout","colormag_page_sidebar_layout":"default_layout","footnotes":""},"categories":[1],"tags":[],"class_list":["post-14516","post","type-post","status-publish","format-standard","has-post-thumbnail","hentry","category-nacional"],"_links":{"self":[{"href":"https:\/\/elmetidosv.com\/index.php?rest_route=\/wp\/v2\/posts\/14516","targetHints":{"allow":["GET"]}}],"collection":[{"href":"https:\/\/elmetidosv.com\/index.php?rest_route=\/wp\/v2\/posts"}],"about":[{"href":"https:\/\/elmetidosv.com\/index.php?rest_route=\/wp\/v2\/types\/post"}],"author":[{"embeddable":true,"href":"https:\/\/elmetidosv.com\/index.php?rest_route=\/wp\/v2\/users\/2"}],"replies":[{"embeddable":true,"href":"https:\/\/elmetidosv.com\/index.php?rest_route=%2Fwp%2Fv2%2Fcomments&post=14516"}],"version-history":[{"count":1,"href":"https:\/\/elmetidosv.com\/index.php?rest_route=\/wp\/v2\/posts\/14516\/revisions"}],"predecessor-version":[{"id":14525,"href":"https:\/\/elmetidosv.com\/index.php?rest_route=\/wp\/v2\/posts\/14516\/revisions\/14525"}],"wp:featuredmedia":[{"embeddable":true,"href":"https:\/\/elmetidosv.com\/index.php?rest_route=\/wp\/v2\/media\/14523"}],"wp:attachment":[{"href":"https:\/\/elmetidosv.com\/index.php?rest_route=%2Fwp%2Fv2%2Fmedia&parent=14516"}],"wp:term":[{"taxonomy":"category","embeddable":true,"href":"https:\/\/elmetidosv.com\/index.php?rest_route=%2Fwp%2Fv2%2Fcategories&post=14516"},{"taxonomy":"post_tag","embeddable":true,"href":"https:\/\/elmetidosv.com\/index.php?rest_route=%2Fwp%2Fv2%2Ftags&post=14516"}],"curies":[{"name":"wp","href":"https:\/\/api.w.org\/{rel}","templated":true}]}}