{"id":14512,"date":"2021-05-07T17:11:40","date_gmt":"2021-05-07T23:11:40","guid":{"rendered":"http:\/\/elmetidosve.com\/?p=14512"},"modified":"2021-05-07T17:11:47","modified_gmt":"2021-05-07T23:11:47","slug":"la-uefa-reintegra-a-clubes-con-sanciones-y-da-una-estocada-a-la-superliga-europea","status":"publish","type":"post","link":"https:\/\/elmetidosv.com\/?p=14512","title":{"rendered":"La UEFA reintegra a clubes con sanciones y da una estocada a la Superliga Europea"},"content":{"rendered":"\n<p> Este viernes, la\u00a0UEFA\u00a0confirm\u00f3 mediante un comunicado que 9 de los 12 equipos que buscaron llevar a cabo el proyecto de la\u00a0Superliga Europea\u00a0acordaron con el \u00f3rgano un compromiso para participar en las competencias europeas. Sin embargo, estos clubes deber\u00e1n pagar una multa y podr\u00edan recibir duras sanciones si en un futuro quisieran participar en un torneo no avalado por la UEFA. Los tres equipos restantes, Real Madrid, FC Barcelona y Juventus \u2014que seg\u00fan el ente que regula el f\u00fatbol europeo no se han desvinculado del proyecto\u2014 quedan a disposici\u00f3n de \u00f3rganos disciplinarios competentes de la UEFA. <\/p>\n","protected":false},"excerpt":{"rendered":"<p>Este viernes, la\u00a0UEFA\u00a0confirm\u00f3 mediante un comunicado que 9 de los 12 equipos que buscaron llevar a cabo el proyecto de<\/p>\n","protected":false},"author":2,"featured_media":14513,"comment_status":"open","ping_status":"open","sticky":false,"template":"","format":"standard","meta":{"colormag_page_container_layout":"default_layout","colormag_page_sidebar_layout":"default_layout","footnotes":""},"categories":[7,3],"tags":[],"class_list":["post-14512","post","type-post","status-publish","format-standard","has-post-thumbnail","hentry","category-deportes","category-internacional"],"_links":{"self":[{"href":"https:\/\/elmetidosv.com\/index.php?rest_route=\/wp\/v2\/posts\/14512","targetHints":{"allow":["GET"]}}],"collection":[{"href":"https:\/\/elmetidosv.com\/index.php?rest_route=\/wp\/v2\/posts"}],"about":[{"href":"https:\/\/elmetidosv.com\/index.php?rest_route=\/wp\/v2\/types\/post"}],"author":[{"embeddable":true,"href":"https:\/\/elmetidosv.com\/index.php?rest_route=\/wp\/v2\/users\/2"}],"replies":[{"embeddable":true,"href":"https:\/\/elmetidosv.com\/index.php?rest_route=%2Fwp%2Fv2%2Fcomments&post=14512"}],"version-history":[{"count":1,"href":"https:\/\/elmetidosv.com\/index.php?rest_route=\/wp\/v2\/posts\/14512\/revisions"}],"predecessor-version":[{"id":14514,"href":"https:\/\/elmetidosv.com\/index.php?rest_route=\/wp\/v2\/posts\/14512\/revisions\/14514"}],"wp:featuredmedia":[{"embeddable":true,"href":"https:\/\/elmetidosv.com\/index.php?rest_route=\/wp\/v2\/media\/14513"}],"wp:attachment":[{"href":"https:\/\/elmetidosv.com\/index.php?rest_route=%2Fwp%2Fv2%2Fmedia&parent=14512"}],"wp:term":[{"taxonomy":"category","embeddable":true,"href":"https:\/\/elmetidosv.com\/index.php?rest_route=%2Fwp%2Fv2%2Fcategories&post=14512"},{"taxonomy":"post_tag","embeddable":true,"href":"https:\/\/elmetidosv.com\/index.php?rest_route=%2Fwp%2Fv2%2Ftags&post=14512"}],"curies":[{"name":"wp","href":"https:\/\/api.w.org\/{rel}","templated":true}]}}