{"id":1446,"date":"2020-04-13T19:15:01","date_gmt":"2020-04-14T01:15:01","guid":{"rendered":"http:\/\/elmetidosve.com\/?p=1446"},"modified":"2020-04-13T19:15:08","modified_gmt":"2020-04-14T01:15:08","slug":"105-personas-cumplen-con-su-cuarentena-y-regresan-a-sus-hogares","status":"publish","type":"post","link":"https:\/\/elmetidosv.com\/?p=1446","title":{"rendered":"105 personas cumplen con su cuarentena y regresan a sus hogares"},"content":{"rendered":"\n<figure class=\"wp-block-gallery columns-3 is-cropped wp-block-gallery-1 is-layout-flex wp-block-gallery-is-layout-flex\"><ul class=\"blocks-gallery-grid\"><li class=\"blocks-gallery-item\"><figure><img loading=\"lazy\" decoding=\"async\" width=\"360\" height=\"240\" src=\"http:\/\/elmetidosve.com\/wp-content\/uploads\/2020\/04\/0000000000000000000000000-33.jpg\" alt=\"\" data-id=\"1447\" data-full-url=\"http:\/\/elmetidosve.com\/wp-content\/uploads\/2020\/04\/0000000000000000000000000-33.jpg\" data-link=\"http:\/\/elmetidosve.com\/?attachment_id=1447\" class=\"wp-image-1447\" srcset=\"https:\/\/elmetidosv.com\/wp-content\/uploads\/2020\/04\/0000000000000000000000000-33.jpg 360w, https:\/\/elmetidosv.com\/wp-content\/uploads\/2020\/04\/0000000000000000000000000-33-300x200.jpg 300w\" sizes=\"auto, (max-width: 360px) 100vw, 360px\" \/><\/figure><\/li><li class=\"blocks-gallery-item\"><figure><img loading=\"lazy\" decoding=\"async\" width=\"360\" height=\"240\" src=\"http:\/\/elmetidosve.com\/wp-content\/uploads\/2020\/04\/000000000000000000-32.jpg\" alt=\"\" data-id=\"1448\" data-full-url=\"http:\/\/elmetidosve.com\/wp-content\/uploads\/2020\/04\/000000000000000000-32.jpg\" data-link=\"http:\/\/elmetidosve.com\/?attachment_id=1448\" class=\"wp-image-1448\" srcset=\"https:\/\/elmetidosv.com\/wp-content\/uploads\/2020\/04\/000000000000000000-32.jpg 360w, https:\/\/elmetidosv.com\/wp-content\/uploads\/2020\/04\/000000000000000000-32-300x200.jpg 300w\" sizes=\"auto, (max-width: 360px) 100vw, 360px\" \/><\/figure><\/li><li class=\"blocks-gallery-item\"><figure><img loading=\"lazy\" decoding=\"async\" width=\"360\" height=\"240\" src=\"http:\/\/elmetidosve.com\/wp-content\/uploads\/2020\/04\/000000000000000-28.jpg\" alt=\"\" data-id=\"1449\" data-full-url=\"http:\/\/elmetidosve.com\/wp-content\/uploads\/2020\/04\/000000000000000-28.jpg\" data-link=\"http:\/\/elmetidosve.com\/?attachment_id=1449\" class=\"wp-image-1449\" srcset=\"https:\/\/elmetidosv.com\/wp-content\/uploads\/2020\/04\/000000000000000-28.jpg 360w, https:\/\/elmetidosv.com\/wp-content\/uploads\/2020\/04\/000000000000000-28-300x200.jpg 300w\" sizes=\"auto, (max-width: 360px) 100vw, 360px\" \/><\/figure><\/li><li class=\"blocks-gallery-item\"><figure><img loading=\"lazy\" decoding=\"async\" width=\"360\" height=\"240\" src=\"http:\/\/elmetidosve.com\/wp-content\/uploads\/2020\/04\/0000000000000-23.jpg\" alt=\"\" data-id=\"1450\" data-full-url=\"http:\/\/elmetidosve.com\/wp-content\/uploads\/2020\/04\/0000000000000-23.jpg\" data-link=\"http:\/\/elmetidosve.com\/?attachment_id=1450\" class=\"wp-image-1450\" srcset=\"https:\/\/elmetidosv.com\/wp-content\/uploads\/2020\/04\/0000000000000-23.jpg 360w, https:\/\/elmetidosv.com\/wp-content\/uploads\/2020\/04\/0000000000000-23-300x200.jpg 300w\" sizes=\"auto, (max-width: 360px) 100vw, 360px\" \/><\/figure><\/li><\/ul><\/figure>\n\n\n\n<p>Fuentes de la Secretar\u00eda de Comunicaciones de la Presidencia informaron durante este lunes, que al menos 105 personas cumplieron su cuarentena y podr\u00e1n reunirse con sus familias.<\/p>\n\n\n\n<p>Las personas que estaban siendo supervisadas para detectar que no tuvieran coronavirus, se les realiz\u00f3 su prueba de COVID -19 y el resultado de la prueba fue negativo.<\/p>\n\n\n\n<p>Las personas al salir de los&nbsp; albergues no pudieron ocultar su alegr\u00eda que volver\u00edan a ver a sus seres queridos y fueron despedidos con aplausos por el personal de Salud y agentes de la Polic\u00eda Nacional Civil (PNC).<\/p>\n\n\n\n<p> Seg\u00fan en la p\u00e1gina web de covid19.gb.sv\u00a0 ya son 1663 personas las que han finalizado su cuarentena de los 87 centros de contenci\u00f3n que tiene el Gobierno de El Salvador habilitados en todo el pa\u00eds.<\/p>\n\n\n\n<p> Las autoridades piden a la ciudadan\u00eda cumplir con la cuarentena domiciliar obligatoria decretada por el Presidente de la Rep\u00fablica, Nayib Bukele, para prevenir m\u00e1s casos de coronavirus.   <\/p>\n\n\n\n<p><\/p>\n","protected":false},"excerpt":{"rendered":"<p>Fuentes de la Secretar\u00eda de Comunicaciones de la Presidencia informaron durante este lunes, que al menos 105 personas cumplieron su<\/p>\n","protected":false},"author":1,"featured_media":1448,"comment_status":"open","ping_status":"open","sticky":false,"template":"","format":"standard","meta":{"colormag_page_container_layout":"default_layout","colormag_page_sidebar_layout":"default_layout","footnotes":""},"categories":[1],"tags":[],"class_list":["post-1446","post","type-post","status-publish","format-standard","has-post-thumbnail","hentry","category-nacional"],"_links":{"self":[{"href":"https:\/\/elmetidosv.com\/index.php?rest_route=\/wp\/v2\/posts\/1446","targetHints":{"allow":["GET"]}}],"collection":[{"href":"https:\/\/elmetidosv.com\/index.php?rest_route=\/wp\/v2\/posts"}],"about":[{"href":"https:\/\/elmetidosv.com\/index.php?rest_route=\/wp\/v2\/types\/post"}],"author":[{"embeddable":true,"href":"https:\/\/elmetidosv.com\/index.php?rest_route=\/wp\/v2\/users\/1"}],"replies":[{"embeddable":true,"href":"https:\/\/elmetidosv.com\/index.php?rest_route=%2Fwp%2Fv2%2Fcomments&post=1446"}],"version-history":[{"count":1,"href":"https:\/\/elmetidosv.com\/index.php?rest_route=\/wp\/v2\/posts\/1446\/revisions"}],"predecessor-version":[{"id":1451,"href":"https:\/\/elmetidosv.com\/index.php?rest_route=\/wp\/v2\/posts\/1446\/revisions\/1451"}],"wp:featuredmedia":[{"embeddable":true,"href":"https:\/\/elmetidosv.com\/index.php?rest_route=\/wp\/v2\/media\/1448"}],"wp:attachment":[{"href":"https:\/\/elmetidosv.com\/index.php?rest_route=%2Fwp%2Fv2%2Fmedia&parent=1446"}],"wp:term":[{"taxonomy":"category","embeddable":true,"href":"https:\/\/elmetidosv.com\/index.php?rest_route=%2Fwp%2Fv2%2Fcategories&post=1446"},{"taxonomy":"post_tag","embeddable":true,"href":"https:\/\/elmetidosv.com\/index.php?rest_route=%2Fwp%2Fv2%2Ftags&post=1446"}],"curies":[{"name":"wp","href":"https:\/\/api.w.org\/{rel}","templated":true}]}}