{"id":14447,"date":"2021-05-05T16:54:20","date_gmt":"2021-05-05T22:54:20","guid":{"rendered":"http:\/\/elmetidosve.com\/?p=14447"},"modified":"2021-05-05T16:54:28","modified_gmt":"2021-05-05T22:54:28","slug":"mas-de-100000-salvadorenos-recibieron-su-segunda-dosis-de-la-vacuna-contra-el-covid-19","status":"publish","type":"post","link":"https:\/\/elmetidosv.com\/?p=14447","title":{"rendered":"M\u00e1s de 100,000 salvadore\u00f1os recibieron su segunda dosis de la vacuna contra el Covid-19"},"content":{"rendered":"\n<p>En El Salvador, m\u00e1s de 100,000 mil personas ya recibieron su segunda dosis de la vacuna anti-COVID-19, anunci\u00f3 este mi\u00e9rcoles el Ministerio de Salud (MINSAL) a trav\u00e9s del sitio covid19.gob.sv.<\/p>\n\n\n\n<p>Seg\u00fan el reporte, son 101,024 personas destacadas en el personal de primera, quienes est\u00e1n m\u00e1s expuestos a infectarse, los que ya completaron su proceso de inmunizaci\u00f3n.<\/p>\n\n\n\n<p>Autoridades sanitarias manifestaron que solo ayer martes 12,726 personas ya recibieron sus dos dosis contra la enfermedad gracias al plan de vacunaci\u00f3n puesto en marcha.<\/p>\n\n\n\n<p>De igual manera, el MINSAL sostuvo que ayer, en total, 43,491 ciudadanos fueron vacunados, de los cuales 30,765 recibieron su primera dosis.<\/p>\n","protected":false},"excerpt":{"rendered":"<p>En El Salvador, m\u00e1s de 100,000 mil personas ya recibieron su segunda dosis de la vacuna anti-COVID-19, anunci\u00f3 este mi\u00e9rcoles<\/p>\n","protected":false},"author":2,"featured_media":14280,"comment_status":"open","ping_status":"open","sticky":false,"template":"","format":"standard","meta":{"colormag_page_container_layout":"default_layout","colormag_page_sidebar_layout":"default_layout","footnotes":""},"categories":[1],"tags":[],"class_list":["post-14447","post","type-post","status-publish","format-standard","has-post-thumbnail","hentry","category-nacional"],"_links":{"self":[{"href":"https:\/\/elmetidosv.com\/index.php?rest_route=\/wp\/v2\/posts\/14447","targetHints":{"allow":["GET"]}}],"collection":[{"href":"https:\/\/elmetidosv.com\/index.php?rest_route=\/wp\/v2\/posts"}],"about":[{"href":"https:\/\/elmetidosv.com\/index.php?rest_route=\/wp\/v2\/types\/post"}],"author":[{"embeddable":true,"href":"https:\/\/elmetidosv.com\/index.php?rest_route=\/wp\/v2\/users\/2"}],"replies":[{"embeddable":true,"href":"https:\/\/elmetidosv.com\/index.php?rest_route=%2Fwp%2Fv2%2Fcomments&post=14447"}],"version-history":[{"count":1,"href":"https:\/\/elmetidosv.com\/index.php?rest_route=\/wp\/v2\/posts\/14447\/revisions"}],"predecessor-version":[{"id":14448,"href":"https:\/\/elmetidosv.com\/index.php?rest_route=\/wp\/v2\/posts\/14447\/revisions\/14448"}],"wp:featuredmedia":[{"embeddable":true,"href":"https:\/\/elmetidosv.com\/index.php?rest_route=\/wp\/v2\/media\/14280"}],"wp:attachment":[{"href":"https:\/\/elmetidosv.com\/index.php?rest_route=%2Fwp%2Fv2%2Fmedia&parent=14447"}],"wp:term":[{"taxonomy":"category","embeddable":true,"href":"https:\/\/elmetidosv.com\/index.php?rest_route=%2Fwp%2Fv2%2Fcategories&post=14447"},{"taxonomy":"post_tag","embeddable":true,"href":"https:\/\/elmetidosv.com\/index.php?rest_route=%2Fwp%2Fv2%2Ftags&post=14447"}],"curies":[{"name":"wp","href":"https:\/\/api.w.org\/{rel}","templated":true}]}}