{"id":14345,"date":"2021-04-30T12:48:38","date_gmt":"2021-04-30T18:48:38","guid":{"rendered":"http:\/\/elmetidosve.com\/?p=14345"},"modified":"2021-04-30T12:48:45","modified_gmt":"2021-04-30T18:48:45","slug":"salud-realiza-pruebas-de-covid-19-en-el-rosario-la-paz","status":"publish","type":"post","link":"https:\/\/elmetidosv.com\/?p=14345","title":{"rendered":"Salud realiza pruebas de COVID-19 en El Rosario, La Paz"},"content":{"rendered":"\n<p>Personal del Ministerio de Salud, junto al Equipo Interdisciplinario de Contenci\u00f3n Epidemiol\u00f3gica (EICEES), instal\u00f3 este viernes 30 de abril cabinas de diagn\u00f3stico de COVID-19 para realizar pruebas a la poblaci\u00f3n de manera gratuita en el municipio de El Rosario, La Paz; y para la comunidad educativa se realizar\u00e1n pruebas en la Universidad de Oriente.<\/p>\n\n\n\n<p>De acuerdo con las autoridades, ser\u00e1n un total de 1,000 pruebas las que se tomar\u00e1n este jueves; 500 en cada lugar, por lo que ha sido necesario movilizar varias cabinas para atender a las personas que decidan acercarse para dicha prueba.<\/p>\n\n\n\n<p>Las autoridades detallaron que el tipo de prueba que se hace es la de Polimerasa Reactiva en Cadena (PCR, por sus siglas en ingl\u00e9s) que tiene un 99.99% de confiabilidad.<\/p>\n\n\n\n<p>La toma de la muestra se hace a trav\u00e9s de un hisopado nasal y garganta, posteriormente se toman los datos personales, para contactar por medio de llamada telef\u00f3nica o correo electr\u00f3nico en caso de dar positivo a COVID-19.<\/p>\n","protected":false},"excerpt":{"rendered":"<p>Personal del Ministerio de Salud, junto al Equipo Interdisciplinario de Contenci\u00f3n Epidemiol\u00f3gica (EICEES), instal\u00f3 este viernes 30 de abril cabinas<\/p>\n","protected":false},"author":2,"featured_media":14346,"comment_status":"open","ping_status":"open","sticky":false,"template":"","format":"standard","meta":{"colormag_page_container_layout":"default_layout","colormag_page_sidebar_layout":"default_layout","footnotes":""},"categories":[1],"tags":[],"class_list":["post-14345","post","type-post","status-publish","format-standard","has-post-thumbnail","hentry","category-nacional"],"_links":{"self":[{"href":"https:\/\/elmetidosv.com\/index.php?rest_route=\/wp\/v2\/posts\/14345","targetHints":{"allow":["GET"]}}],"collection":[{"href":"https:\/\/elmetidosv.com\/index.php?rest_route=\/wp\/v2\/posts"}],"about":[{"href":"https:\/\/elmetidosv.com\/index.php?rest_route=\/wp\/v2\/types\/post"}],"author":[{"embeddable":true,"href":"https:\/\/elmetidosv.com\/index.php?rest_route=\/wp\/v2\/users\/2"}],"replies":[{"embeddable":true,"href":"https:\/\/elmetidosv.com\/index.php?rest_route=%2Fwp%2Fv2%2Fcomments&post=14345"}],"version-history":[{"count":1,"href":"https:\/\/elmetidosv.com\/index.php?rest_route=\/wp\/v2\/posts\/14345\/revisions"}],"predecessor-version":[{"id":14347,"href":"https:\/\/elmetidosv.com\/index.php?rest_route=\/wp\/v2\/posts\/14345\/revisions\/14347"}],"wp:featuredmedia":[{"embeddable":true,"href":"https:\/\/elmetidosv.com\/index.php?rest_route=\/wp\/v2\/media\/14346"}],"wp:attachment":[{"href":"https:\/\/elmetidosv.com\/index.php?rest_route=%2Fwp%2Fv2%2Fmedia&parent=14345"}],"wp:term":[{"taxonomy":"category","embeddable":true,"href":"https:\/\/elmetidosv.com\/index.php?rest_route=%2Fwp%2Fv2%2Fcategories&post=14345"},{"taxonomy":"post_tag","embeddable":true,"href":"https:\/\/elmetidosv.com\/index.php?rest_route=%2Fwp%2Fv2%2Ftags&post=14345"}],"curies":[{"name":"wp","href":"https:\/\/api.w.org\/{rel}","templated":true}]}}