{"id":14339,"date":"2021-04-29T12:38:19","date_gmt":"2021-04-29T18:38:19","guid":{"rendered":"http:\/\/elmetidosve.com\/?p=14339"},"modified":"2021-04-29T12:38:27","modified_gmt":"2021-04-29T18:38:27","slug":"conductor-pierde-la-vida-en-tragico-accidente-en-carretera-litoral","status":"publish","type":"post","link":"https:\/\/elmetidosv.com\/?p=14339","title":{"rendered":"Conductor pierde la vida en tr\u00e1gico accidente en carretera Litoral"},"content":{"rendered":"\n<p>Un hombre perdi\u00f3 la vida durante la ma\u00f1ana de este jueves en la carretera Litoral en la jurisdicci\u00f3n de Zacatecoluca, La Paz, donde se accident\u00f3 al chocar con un cami\u00f3n.<\/p>\n\n\n\n<p>Seg\u00fan los reportes, el hombre viajaba en una motocicleta cuando impact\u00f3 con la parte trasera del transporte de carga.<\/p>\n\n\n\n<p>Preliminarmente se ha informado que la v\u00edctima ser\u00eda un agente policial identificado como Mario Orlando Galicia Rodr\u00edguez, quien estar\u00eda asignado en Usulut\u00e1n.<\/p>\n\n\n\n<p>El percance ocurri\u00f3 a altas horas de la ma\u00f1ana. Las autoridades restringieron el paso vehicular en las cercan\u00edas del desv\u00edo a Ichanmichen para procesar la escena.<\/p>\n","protected":false},"excerpt":{"rendered":"<p>Un hombre perdi\u00f3 la vida durante la ma\u00f1ana de este jueves en la carretera Litoral en la jurisdicci\u00f3n de Zacatecoluca,<\/p>\n","protected":false},"author":2,"featured_media":14340,"comment_status":"open","ping_status":"open","sticky":false,"template":"","format":"standard","meta":{"colormag_page_container_layout":"default_layout","colormag_page_sidebar_layout":"default_layout","footnotes":""},"categories":[1],"tags":[],"class_list":["post-14339","post","type-post","status-publish","format-standard","has-post-thumbnail","hentry","category-nacional"],"_links":{"self":[{"href":"https:\/\/elmetidosv.com\/index.php?rest_route=\/wp\/v2\/posts\/14339","targetHints":{"allow":["GET"]}}],"collection":[{"href":"https:\/\/elmetidosv.com\/index.php?rest_route=\/wp\/v2\/posts"}],"about":[{"href":"https:\/\/elmetidosv.com\/index.php?rest_route=\/wp\/v2\/types\/post"}],"author":[{"embeddable":true,"href":"https:\/\/elmetidosv.com\/index.php?rest_route=\/wp\/v2\/users\/2"}],"replies":[{"embeddable":true,"href":"https:\/\/elmetidosv.com\/index.php?rest_route=%2Fwp%2Fv2%2Fcomments&post=14339"}],"version-history":[{"count":1,"href":"https:\/\/elmetidosv.com\/index.php?rest_route=\/wp\/v2\/posts\/14339\/revisions"}],"predecessor-version":[{"id":14341,"href":"https:\/\/elmetidosv.com\/index.php?rest_route=\/wp\/v2\/posts\/14339\/revisions\/14341"}],"wp:featuredmedia":[{"embeddable":true,"href":"https:\/\/elmetidosv.com\/index.php?rest_route=\/wp\/v2\/media\/14340"}],"wp:attachment":[{"href":"https:\/\/elmetidosv.com\/index.php?rest_route=%2Fwp%2Fv2%2Fmedia&parent=14339"}],"wp:term":[{"taxonomy":"category","embeddable":true,"href":"https:\/\/elmetidosv.com\/index.php?rest_route=%2Fwp%2Fv2%2Fcategories&post=14339"},{"taxonomy":"post_tag","embeddable":true,"href":"https:\/\/elmetidosv.com\/index.php?rest_route=%2Fwp%2Fv2%2Ftags&post=14339"}],"curies":[{"name":"wp","href":"https:\/\/api.w.org\/{rel}","templated":true}]}}