{"id":14304,"date":"2021-04-28T15:29:11","date_gmt":"2021-04-28T21:29:11","guid":{"rendered":"http:\/\/elmetidosve.com\/?p=14304"},"modified":"2021-04-28T15:29:18","modified_gmt":"2021-04-28T21:29:18","slug":"salud-realiza-pruebas-de-covid-19-en-el-paraiso-chalatenango","status":"publish","type":"post","link":"https:\/\/elmetidosv.com\/?p=14304","title":{"rendered":"Salud realiza pruebas de COVID-19 en El Para\u00edso, Chalatenango"},"content":{"rendered":"\n<p>El Ministerio de Salud, inform\u00f3 este mi\u00e9rcoles que se realizaron pruebas de PCR (Reacci\u00f3n en Cadena de la Polimerasa por sus siglas en ingl\u00e9s) en el municipio de El Para\u00edso para detectar posibles casos de COVID-19.<\/p>\n\n\n\n<p>Salud inform\u00f3 que las personas al llegar donde se instalaron las cabinas deben portar su mascarillas correctamente, guardar el distanciamiento social, entre otras medidas mientras llega su turno para hacerse la prueba.<\/p>\n\n\n\n<p>Seg\u00fan el sitio web covid19.gob.sv, en Chalatenango se contabilizan 1,980 enfermos por coronavirus.<\/p>\n\n\n\n<p>Desde que el Gobierno del Presidente Bukele empez\u00f3 a combatir el virus, se han realizado 909,746 pruebas de PCR para detectar el virus y aplicar el protocolo de salud para salvar la mayor cantidad de vidas.<\/p>\n\n\n\n<p>Seg\u00fan el portal web,covid19.gob.sv, en el pa\u00eds se contabilizan 68,922 desde que se detect\u00f3 el primer caso. Este se registr\u00f3 en el municipio de Metap\u00e1n del departamento de Santa Ana en el 2020.<\/p>\n","protected":false},"excerpt":{"rendered":"<p>El Ministerio de Salud, inform\u00f3 este mi\u00e9rcoles que se realizaron pruebas de PCR (Reacci\u00f3n en Cadena de la Polimerasa por<\/p>\n","protected":false},"author":2,"featured_media":14305,"comment_status":"open","ping_status":"open","sticky":false,"template":"","format":"standard","meta":{"colormag_page_container_layout":"default_layout","colormag_page_sidebar_layout":"default_layout","footnotes":""},"categories":[1],"tags":[],"class_list":["post-14304","post","type-post","status-publish","format-standard","has-post-thumbnail","hentry","category-nacional"],"_links":{"self":[{"href":"https:\/\/elmetidosv.com\/index.php?rest_route=\/wp\/v2\/posts\/14304","targetHints":{"allow":["GET"]}}],"collection":[{"href":"https:\/\/elmetidosv.com\/index.php?rest_route=\/wp\/v2\/posts"}],"about":[{"href":"https:\/\/elmetidosv.com\/index.php?rest_route=\/wp\/v2\/types\/post"}],"author":[{"embeddable":true,"href":"https:\/\/elmetidosv.com\/index.php?rest_route=\/wp\/v2\/users\/2"}],"replies":[{"embeddable":true,"href":"https:\/\/elmetidosv.com\/index.php?rest_route=%2Fwp%2Fv2%2Fcomments&post=14304"}],"version-history":[{"count":1,"href":"https:\/\/elmetidosv.com\/index.php?rest_route=\/wp\/v2\/posts\/14304\/revisions"}],"predecessor-version":[{"id":14306,"href":"https:\/\/elmetidosv.com\/index.php?rest_route=\/wp\/v2\/posts\/14304\/revisions\/14306"}],"wp:featuredmedia":[{"embeddable":true,"href":"https:\/\/elmetidosv.com\/index.php?rest_route=\/wp\/v2\/media\/14305"}],"wp:attachment":[{"href":"https:\/\/elmetidosv.com\/index.php?rest_route=%2Fwp%2Fv2%2Fmedia&parent=14304"}],"wp:term":[{"taxonomy":"category","embeddable":true,"href":"https:\/\/elmetidosv.com\/index.php?rest_route=%2Fwp%2Fv2%2Fcategories&post=14304"},{"taxonomy":"post_tag","embeddable":true,"href":"https:\/\/elmetidosv.com\/index.php?rest_route=%2Fwp%2Fv2%2Ftags&post=14304"}],"curies":[{"name":"wp","href":"https:\/\/api.w.org\/{rel}","templated":true}]}}