{"id":14196,"date":"2021-04-23T16:56:07","date_gmt":"2021-04-23T22:56:07","guid":{"rendered":"http:\/\/elmetidosve.com\/?p=14196"},"modified":"2021-04-23T16:56:14","modified_gmt":"2021-04-23T22:56:14","slug":"salvadorenos-mayores-de-55-anos-ya-pueden-programar-su-cita-para-inmunizarse-contra-el-covid-19","status":"publish","type":"post","link":"https:\/\/elmetidosv.com\/?p=14196","title":{"rendered":"Salvadore\u00f1os mayores de 55 a\u00f1os ya pueden programar su cita para inmunizarse contra el COVID-19"},"content":{"rendered":"\n<p>El Presidente Nayib Bukele anunci\u00f3 que los salvadore\u00f1os mayores de 55 a\u00f1os ya pueden programar su cita para inmunizarse contra el COVID-19, en un proceso ordenado, gratuito y universal.<\/p>\n\n\n\n<p>Con este anuncio, El Salvador sigue posicion\u00e1ndose en la regi\u00f3n como un referente en la vacunaci\u00f3n contra el COVID-19, permitiendo hasta la fecha que dicha protecci\u00f3n haya llegado a 622,912 salvadore\u00f1os mayores de 60 a\u00f1os, personas con enfermedades cr\u00f3nicas, personal de primera l\u00ednea m\u00e9dico y no sanitario, adem\u00e1s de maestros y periodistas.<\/p>\n\n\n\n<p>El Jefe de Estado reiter\u00f3 que se mantiene activa la vacunaci\u00f3n para todas las personas de las fases anteriores, para que el mecanismo de inmunizaci\u00f3n siga hasta llegar a la poblaci\u00f3n meta de 4.5 millones de salvadore\u00f1os con sus dos dosis, lo que permitir\u00e1alcanzar la inmunidad de reba\u00f1o y salvaguardar m\u00e1s vidas.<\/p>\n\n\n\n<p>El Plan de Vacunaci\u00f3n contra COVID-19 inici\u00f3 el pasado 17 de febrero, y desde entonces la ciudadan\u00eda ha acudido a los 163 centros de vacunaci\u00f3n, incluido el Megacentro situado en la fase III del Hospital El Salvador.<\/p>\n\n\n\n<p>Para agendar la cita de vacunaci\u00f3n de debe ingresar en la direcci\u00f3n electr\u00f3nica:&nbsp;<a href=\"https:\/\/vacunacioncovid19.gob.sv\/\">https:\/\/vacunacioncovid19.gob.sv\/&nbsp;<\/a>donde es necesario incorporar los datos personales que est\u00e1n en el Documento \u00danico de Identidad (DUI). En la plataforma digital se explican los pasos a seguir para poder lograr una cita.<br><\/p>\n","protected":false},"excerpt":{"rendered":"<p>El Presidente Nayib Bukele anunci\u00f3 que los salvadore\u00f1os mayores de 55 a\u00f1os ya pueden programar su cita para inmunizarse contra<\/p>\n","protected":false},"author":2,"featured_media":14197,"comment_status":"open","ping_status":"open","sticky":false,"template":"","format":"standard","meta":{"colormag_page_container_layout":"default_layout","colormag_page_sidebar_layout":"default_layout","footnotes":""},"categories":[1],"tags":[],"class_list":["post-14196","post","type-post","status-publish","format-standard","has-post-thumbnail","hentry","category-nacional"],"_links":{"self":[{"href":"https:\/\/elmetidosv.com\/index.php?rest_route=\/wp\/v2\/posts\/14196","targetHints":{"allow":["GET"]}}],"collection":[{"href":"https:\/\/elmetidosv.com\/index.php?rest_route=\/wp\/v2\/posts"}],"about":[{"href":"https:\/\/elmetidosv.com\/index.php?rest_route=\/wp\/v2\/types\/post"}],"author":[{"embeddable":true,"href":"https:\/\/elmetidosv.com\/index.php?rest_route=\/wp\/v2\/users\/2"}],"replies":[{"embeddable":true,"href":"https:\/\/elmetidosv.com\/index.php?rest_route=%2Fwp%2Fv2%2Fcomments&post=14196"}],"version-history":[{"count":1,"href":"https:\/\/elmetidosv.com\/index.php?rest_route=\/wp\/v2\/posts\/14196\/revisions"}],"predecessor-version":[{"id":14198,"href":"https:\/\/elmetidosv.com\/index.php?rest_route=\/wp\/v2\/posts\/14196\/revisions\/14198"}],"wp:featuredmedia":[{"embeddable":true,"href":"https:\/\/elmetidosv.com\/index.php?rest_route=\/wp\/v2\/media\/14197"}],"wp:attachment":[{"href":"https:\/\/elmetidosv.com\/index.php?rest_route=%2Fwp%2Fv2%2Fmedia&parent=14196"}],"wp:term":[{"taxonomy":"category","embeddable":true,"href":"https:\/\/elmetidosv.com\/index.php?rest_route=%2Fwp%2Fv2%2Fcategories&post=14196"},{"taxonomy":"post_tag","embeddable":true,"href":"https:\/\/elmetidosv.com\/index.php?rest_route=%2Fwp%2Fv2%2Ftags&post=14196"}],"curies":[{"name":"wp","href":"https:\/\/api.w.org\/{rel}","templated":true}]}}