{"id":14142,"date":"2021-04-20T18:39:16","date_gmt":"2021-04-21T00:39:16","guid":{"rendered":"http:\/\/elmetidosve.com\/?p=14142"},"modified":"2021-04-20T18:39:23","modified_gmt":"2021-04-21T00:39:23","slug":"declaran-culpable-a-derek-chauvin-de-todos-los-cargos-por-la-muerte-de-george-floyd","status":"publish","type":"post","link":"https:\/\/elmetidosv.com\/?p=14142","title":{"rendered":"Declaran culpable a Derek Chauvin de todos los cargos por la muerte de George Floyd"},"content":{"rendered":"\n<p>Culpable de todos los cargos: ese fue el veredicto del jurado en el juicio contra\u00a0Derek Chauvin\u00a0por la muerte de George Floyd.<\/p>\n\n\n\n<p>Los 12 miembros del jurado declararon a Chauvin culpable de homicidio accidental, homicidio no intencional con desprecio por la vida y homicidio no intencional en la comisi\u00f3n de delito grave. Inicialmente, el expolic\u00eda, de 45 a\u00f1os, se declar\u00f3 inocente los cargos<\/p>\n\n\n\n<p>\u00bfQu\u00e9 viene ahora? Despu\u00e9s de que el juez Peter Cahill ley\u00f3 y confirm\u00f3 el veredicto con el jurado, anunci\u00f3 los pr\u00f3ximos pasos t\u00e9cnicos, incluida la programaci\u00f3n de la sentencia en ocho semanas.<\/p>\n\n\n\n<p>Cahill dijo que el tribunal examinar\u00eda los argumentos escritos de Derek Chauvin \u00abdentro de una semana\u00bb y emitir\u00eda conclusiones f\u00e1cticas al respecto. Luego ordenar\u00e1n un informe de investigaci\u00f3n previo a la sentencia, que debe terminarse \u00aben cuatro semanas\u00bb. Eso ser\u00e1 seguido por una sesi\u00f3n informativa sobre el informe de la investigaci\u00f3n previa a la sentencia dentro de seis semanas y \u00abdentro de ocho semanas tendremos sentencia\u00bb.<\/p>\n\n\n\n<p>Biden: Fue un homicidio a plena luz del d\u00eda<\/p>\n\n\n\n<p>El presidente de EE.UU., Joe Biden, se refiri\u00f3 al veredicto en el juicio contra Derek Chauvin como algo inusual pero \u00abun paso gigante en la marcha hacia la justicia en Estados Unidos\u00bb.<\/p>\n\n\n\n<p>\u00abHoy el jurado de Minnesota encontr\u00f3 al expolic\u00eda Derek Chauvin culpable de todos los cargos del asesinato de George Floyd\u00bb, dijo el presidente desde la Casa Blanca.<\/p>\n\n\n\n<p>\u00abFue un homicidio a plena luz del d\u00eda y arranc\u00f3 la venda para que todo el mundo lo viera\u2026 el racismo sist\u00e9mico\u2026 una mancha en el alma de nuestra naci\u00f3n, la rodilla en el cuello de la justicia para los estadounidenses negros\u00bb, continu\u00f3 Biden.<\/p>\n","protected":false},"excerpt":{"rendered":"<p>Culpable de todos los cargos: ese fue el veredicto del jurado en el juicio contra\u00a0Derek Chauvin\u00a0por la muerte de George<\/p>\n","protected":false},"author":2,"featured_media":14145,"comment_status":"open","ping_status":"open","sticky":false,"template":"","format":"standard","meta":{"colormag_page_container_layout":"default_layout","colormag_page_sidebar_layout":"default_layout","footnotes":""},"categories":[3],"tags":[],"class_list":["post-14142","post","type-post","status-publish","format-standard","has-post-thumbnail","hentry","category-internacional"],"_links":{"self":[{"href":"https:\/\/elmetidosv.com\/index.php?rest_route=\/wp\/v2\/posts\/14142","targetHints":{"allow":["GET"]}}],"collection":[{"href":"https:\/\/elmetidosv.com\/index.php?rest_route=\/wp\/v2\/posts"}],"about":[{"href":"https:\/\/elmetidosv.com\/index.php?rest_route=\/wp\/v2\/types\/post"}],"author":[{"embeddable":true,"href":"https:\/\/elmetidosv.com\/index.php?rest_route=\/wp\/v2\/users\/2"}],"replies":[{"embeddable":true,"href":"https:\/\/elmetidosv.com\/index.php?rest_route=%2Fwp%2Fv2%2Fcomments&post=14142"}],"version-history":[{"count":1,"href":"https:\/\/elmetidosv.com\/index.php?rest_route=\/wp\/v2\/posts\/14142\/revisions"}],"predecessor-version":[{"id":14146,"href":"https:\/\/elmetidosv.com\/index.php?rest_route=\/wp\/v2\/posts\/14142\/revisions\/14146"}],"wp:featuredmedia":[{"embeddable":true,"href":"https:\/\/elmetidosv.com\/index.php?rest_route=\/wp\/v2\/media\/14145"}],"wp:attachment":[{"href":"https:\/\/elmetidosv.com\/index.php?rest_route=%2Fwp%2Fv2%2Fmedia&parent=14142"}],"wp:term":[{"taxonomy":"category","embeddable":true,"href":"https:\/\/elmetidosv.com\/index.php?rest_route=%2Fwp%2Fv2%2Fcategories&post=14142"},{"taxonomy":"post_tag","embeddable":true,"href":"https:\/\/elmetidosv.com\/index.php?rest_route=%2Fwp%2Fv2%2Ftags&post=14142"}],"curies":[{"name":"wp","href":"https:\/\/api.w.org\/{rel}","templated":true}]}}