{"id":14141,"date":"2021-04-20T18:34:53","date_gmt":"2021-04-21T00:34:53","guid":{"rendered":"http:\/\/elmetidosve.com\/?p=14141"},"modified":"2021-04-20T18:35:05","modified_gmt":"2021-04-21T00:35:05","slug":"mas-de-547500-vacunados-contra-el-covid-19-a-la-fecha-en-el-salvador","status":"publish","type":"post","link":"https:\/\/elmetidosv.com\/?p=14141","title":{"rendered":"M\u00e1s de 547,500 vacunados contra el COVID-19 a la fecha en El Salvador"},"content":{"rendered":"\n<p>\u201cAgradezco al Presidente Nayib Bukele por todo este hecho de la vacuna. Siento que se ha actuado r\u00e1pido, ordenadamente\u201d, asegur\u00f3 uno de los beneficiados con el proceso de inmunizaci\u00f3n en el Megacentro de Vacunaci\u00f3n.<\/p>\n\n\n\n<p>En los 163 puntos de vacunaci\u00f3n contra el coronavirus contin\u00faa el trabajo a nivel nacional. Dentro de estos puntos de vacunaci\u00f3n se encuentra el Megacentro de Vacunaci\u00f3n del Hospital El Salvador.<\/p>\n\n\n\n<p>A la fecha, gracias a ese trabajo del Gobierno de El Salvador, se han vacunado 547,566 salvadore\u00f1os con el proceso de inmunizaci\u00f3n que inici\u00f3 el 17 de febrero pasado con la llegada del primer lote de vacunas de AstraZeneca.<\/p>\n\n\n\n<p>El ministro de Salud, Francisco Alabi, destac\u00f3 que desde esa llegada del primer lote se han recibido cinco m\u00e1s, siendo el \u00faltimo de 96,000 vacunas AstraZeneca gracias al mecanismo COVAX. Con esta \u00faltima llegada de dosis, El Salvador ya suma alrededor de 1,350,000 dosis para continuar con el plan de inmunizaci\u00f3n.<\/p>\n\n\n\n<p>Uno de los beneficiados, Carlos Menj\u00edvar, coment\u00f3 que todo el pueblo salvadore\u00f1o deber\u00eda estar orgulloso del proceso que se realiza y agradecerle al Gobierno del Presidente Bukele por esa gran labor. \u201cAgradezco al Presidente Nayib Bukele por todo este hecho de la vacuna. Siento que se ha actuado r\u00e1pido, ordenadamente\u201d, agreg\u00f3.<\/p>\n","protected":false},"excerpt":{"rendered":"<p>\u201cAgradezco al Presidente Nayib Bukele por todo este hecho de la vacuna. Siento que se ha actuado r\u00e1pido, ordenadamente\u201d, asegur\u00f3<\/p>\n","protected":false},"author":2,"featured_media":14143,"comment_status":"open","ping_status":"open","sticky":false,"template":"","format":"standard","meta":{"colormag_page_container_layout":"default_layout","colormag_page_sidebar_layout":"default_layout","footnotes":""},"categories":[1],"tags":[],"class_list":["post-14141","post","type-post","status-publish","format-standard","has-post-thumbnail","hentry","category-nacional"],"_links":{"self":[{"href":"https:\/\/elmetidosv.com\/index.php?rest_route=\/wp\/v2\/posts\/14141","targetHints":{"allow":["GET"]}}],"collection":[{"href":"https:\/\/elmetidosv.com\/index.php?rest_route=\/wp\/v2\/posts"}],"about":[{"href":"https:\/\/elmetidosv.com\/index.php?rest_route=\/wp\/v2\/types\/post"}],"author":[{"embeddable":true,"href":"https:\/\/elmetidosv.com\/index.php?rest_route=\/wp\/v2\/users\/2"}],"replies":[{"embeddable":true,"href":"https:\/\/elmetidosv.com\/index.php?rest_route=%2Fwp%2Fv2%2Fcomments&post=14141"}],"version-history":[{"count":1,"href":"https:\/\/elmetidosv.com\/index.php?rest_route=\/wp\/v2\/posts\/14141\/revisions"}],"predecessor-version":[{"id":14144,"href":"https:\/\/elmetidosv.com\/index.php?rest_route=\/wp\/v2\/posts\/14141\/revisions\/14144"}],"wp:featuredmedia":[{"embeddable":true,"href":"https:\/\/elmetidosv.com\/index.php?rest_route=\/wp\/v2\/media\/14143"}],"wp:attachment":[{"href":"https:\/\/elmetidosv.com\/index.php?rest_route=%2Fwp%2Fv2%2Fmedia&parent=14141"}],"wp:term":[{"taxonomy":"category","embeddable":true,"href":"https:\/\/elmetidosv.com\/index.php?rest_route=%2Fwp%2Fv2%2Fcategories&post=14141"},{"taxonomy":"post_tag","embeddable":true,"href":"https:\/\/elmetidosv.com\/index.php?rest_route=%2Fwp%2Fv2%2Ftags&post=14141"}],"curies":[{"name":"wp","href":"https:\/\/api.w.org\/{rel}","templated":true}]}}