{"id":14112,"date":"2021-04-19T18:12:34","date_gmt":"2021-04-20T00:12:34","guid":{"rendered":"http:\/\/elmetidosve.com\/?p=14112"},"modified":"2021-04-19T18:12:42","modified_gmt":"2021-04-20T00:12:42","slug":"una-nina-de-7-anos-pierde-la-vida-en-un-tiroteo-en-un-mcdonalds-en-chicago","status":"publish","type":"post","link":"https:\/\/elmetidosv.com\/?p=14112","title":{"rendered":"Una ni\u00f1a de 7 a\u00f1os pierde la vida en un tiroteo en un McDonald\u2019s en Chicago"},"content":{"rendered":"\n<p>La polic\u00eda de Chicago est\u00e1 buscando a quien abri\u00f3 fuego contra un coche este domingo por la tarde, causando la muerte de Jaslyn Adams, de 7 a\u00f1os, en el lado oeste de la ciudad.<\/p>\n\n\n\n<p>Jaslyn Adams y su padre, de 29 a\u00f1os, estaban en el carril de \u2018drive-thru\u2019 de un McDonald\u2019s cuando alguien dispar\u00f3 contra su coche, dijeron los miembros de la familia.<\/p>\n\n\n\n<p>Un veh\u00edculo de la polic\u00eda que ya se encontraba en el lugar de los hechos traslad\u00f3 a la ni\u00f1a a un hospital, seg\u00fan inform\u00f3 la agente de polic\u00eda de Chicago Sally Brown. La ni\u00f1a recibi\u00f3 m\u00faltiples disparos y fue declarada muerta en el hospital.<\/p>\n\n\n\n<p>El hombre recibi\u00f3 un disparo en el torso y fue hospitalizada en estado grave, dijo Brown.<\/p>\n\n\n\n<p>No se ha detenido a ning\u00fan sospechoso por este tiroteo en Chicago.<\/p>\n\n\n\n<p>\u00abEs algo muy emocional ahora para mi familia\u00bb, dijo la t\u00eda de Jaslyn, Tawny McMullen, a WBBM.<\/p>\n\n\n\n<p>\u00abElla era simplemente\u2026 dulce y extrovertida. Realmente habladora, realmente adorable\u00bb, record\u00f3.<\/p>\n\n\n\n<p> McMullen dijo que es devastador que un viaje regular de padre e hija a McDonald\u2019s termine con su sobrina recibiendo m\u00faltiples disparos. <\/p>\n\n\n\n<p>\u00abPor favor, bajen las armas\u00bb, dijo.<\/p>\n\n\n\n<p>\u00abNuestros hijos quieren jugar. Mis hijos no pueden ni siquiera salir a la puerta por culpa de esta violencia. Por favor, bajen las armas\u00bb.<\/p>\n\n\n\n<p>La alcaldesa de Chicago, Lori Lightfoot, dijo que est\u00e1 \u00abdesconsolada y enfadada\u00bb por el mortal tiroteo.<\/p>\n\n\n\n<p>\u00abEstoy desconsolada y enfadada porque una ni\u00f1a de 7 a\u00f1os muri\u00f3 esta tarde en el lado oeste de Chicago. Este impensable acto de violencia no tiene cabida aqu\u00ed. La epidemia de violencia con armas de fuego que acorta la vida de nuestros ni\u00f1os no puede continuar\u00bb,\u00a0tuite\u00f3 Lightfoot.<\/p>\n\n\n\n<p>El tiroteo en Chicago se produce menos de un mes despu\u00e9s de la muerte de otro ni\u00f1o,\u00a0Adam Toledo, de 13 a\u00f1os. Toledo muri\u00f3 a manos de un agente de polic\u00eda de Chicago el 29 de marzo.<\/p>\n\n\n\n<p>La polic\u00eda dice que las im\u00e1genes de las c\u00e1maras corporales muestran que paso menos de un segundo entre el momento en que se ve al ni\u00f1o de 13 a\u00f1os sosteniendo una pistola y el momento en que el agente le dispara.<\/p>\n","protected":false},"excerpt":{"rendered":"<p>La polic\u00eda de Chicago est\u00e1 buscando a quien abri\u00f3 fuego contra un coche este domingo por la tarde, causando la<\/p>\n","protected":false},"author":2,"featured_media":14113,"comment_status":"open","ping_status":"open","sticky":false,"template":"","format":"standard","meta":{"colormag_page_container_layout":"default_layout","colormag_page_sidebar_layout":"default_layout","footnotes":""},"categories":[3],"tags":[],"class_list":["post-14112","post","type-post","status-publish","format-standard","has-post-thumbnail","hentry","category-internacional"],"_links":{"self":[{"href":"https:\/\/elmetidosv.com\/index.php?rest_route=\/wp\/v2\/posts\/14112","targetHints":{"allow":["GET"]}}],"collection":[{"href":"https:\/\/elmetidosv.com\/index.php?rest_route=\/wp\/v2\/posts"}],"about":[{"href":"https:\/\/elmetidosv.com\/index.php?rest_route=\/wp\/v2\/types\/post"}],"author":[{"embeddable":true,"href":"https:\/\/elmetidosv.com\/index.php?rest_route=\/wp\/v2\/users\/2"}],"replies":[{"embeddable":true,"href":"https:\/\/elmetidosv.com\/index.php?rest_route=%2Fwp%2Fv2%2Fcomments&post=14112"}],"version-history":[{"count":1,"href":"https:\/\/elmetidosv.com\/index.php?rest_route=\/wp\/v2\/posts\/14112\/revisions"}],"predecessor-version":[{"id":14114,"href":"https:\/\/elmetidosv.com\/index.php?rest_route=\/wp\/v2\/posts\/14112\/revisions\/14114"}],"wp:featuredmedia":[{"embeddable":true,"href":"https:\/\/elmetidosv.com\/index.php?rest_route=\/wp\/v2\/media\/14113"}],"wp:attachment":[{"href":"https:\/\/elmetidosv.com\/index.php?rest_route=%2Fwp%2Fv2%2Fmedia&parent=14112"}],"wp:term":[{"taxonomy":"category","embeddable":true,"href":"https:\/\/elmetidosv.com\/index.php?rest_route=%2Fwp%2Fv2%2Fcategories&post=14112"},{"taxonomy":"post_tag","embeddable":true,"href":"https:\/\/elmetidosv.com\/index.php?rest_route=%2Fwp%2Fv2%2Ftags&post=14112"}],"curies":[{"name":"wp","href":"https:\/\/api.w.org\/{rel}","templated":true}]}}