{"id":14108,"date":"2021-04-18T15:43:09","date_gmt":"2021-04-18T21:43:09","guid":{"rendered":"http:\/\/elmetidosve.com\/?p=14108"},"modified":"2021-04-18T15:43:17","modified_gmt":"2021-04-18T21:43:17","slug":"ingresa-hoy-a-el-salvador-nuevo-lote-con-90000-vacunas","status":"publish","type":"post","link":"https:\/\/elmetidosv.com\/?p=14108","title":{"rendered":"Ingresa hoy a El Salvador nuevo lote con 90,000 vacunas"},"content":{"rendered":"\n<p>90,000 vacunas anti-COVID-19 recibir\u00e1 El Salvador, la tarde de este domingo, inform\u00f3 el presidente de la Rep\u00fablica, Nayib Bukele, a trav\u00e9s de su cuenta de Twitter.<\/p>\n\n\n\n<p>\u201cHoy, a las 6:15 p.m., vienen 90,000 vacunas m\u00e1s de AstraZeneca\u201d, anunci\u00f3 el mandatario, recibiendo cientos de comentarios positivos de parte de la poblaci\u00f3n.<\/p>\n\n\n\n<p>Con estas dosis El Salvador podr\u00e1 continuar ejecutando con \u00e9xito su plan de vacunaci\u00f3n, con el cual hasta ahora ya se inmuniz\u00f3 a m\u00e1s de medio mill\u00f3n de personas.<\/p>\n\n\n\n<p>Seg\u00fan explic\u00f3 Bukele, este lote de vacunas forma parte de la iniciativa COVAX, el cual es un proyecto global para acelerar el desarrollo y el acceso a las vacunas codirigido por la Coalici\u00f3n para las Innovaciones en la Preparaci\u00f3n ante Epidemias (CEPI), la Alianza de Vacunas (GAVI) y la Organizaci\u00f3n Mundial de la Salud (OMS), que trabajan en asociaci\u00f3n con UNICEF.<\/p>\n","protected":false},"excerpt":{"rendered":"<p>90,000 vacunas anti-COVID-19 recibir\u00e1 El Salvador, la tarde de este domingo, inform\u00f3 el presidente de la Rep\u00fablica, Nayib Bukele, a<\/p>\n","protected":false},"author":2,"featured_media":14109,"comment_status":"open","ping_status":"open","sticky":false,"template":"","format":"standard","meta":{"colormag_page_container_layout":"default_layout","colormag_page_sidebar_layout":"default_layout","footnotes":""},"categories":[1],"tags":[],"class_list":["post-14108","post","type-post","status-publish","format-standard","has-post-thumbnail","hentry","category-nacional"],"_links":{"self":[{"href":"https:\/\/elmetidosv.com\/index.php?rest_route=\/wp\/v2\/posts\/14108","targetHints":{"allow":["GET"]}}],"collection":[{"href":"https:\/\/elmetidosv.com\/index.php?rest_route=\/wp\/v2\/posts"}],"about":[{"href":"https:\/\/elmetidosv.com\/index.php?rest_route=\/wp\/v2\/types\/post"}],"author":[{"embeddable":true,"href":"https:\/\/elmetidosv.com\/index.php?rest_route=\/wp\/v2\/users\/2"}],"replies":[{"embeddable":true,"href":"https:\/\/elmetidosv.com\/index.php?rest_route=%2Fwp%2Fv2%2Fcomments&post=14108"}],"version-history":[{"count":1,"href":"https:\/\/elmetidosv.com\/index.php?rest_route=\/wp\/v2\/posts\/14108\/revisions"}],"predecessor-version":[{"id":14110,"href":"https:\/\/elmetidosv.com\/index.php?rest_route=\/wp\/v2\/posts\/14108\/revisions\/14110"}],"wp:featuredmedia":[{"embeddable":true,"href":"https:\/\/elmetidosv.com\/index.php?rest_route=\/wp\/v2\/media\/14109"}],"wp:attachment":[{"href":"https:\/\/elmetidosv.com\/index.php?rest_route=%2Fwp%2Fv2%2Fmedia&parent=14108"}],"wp:term":[{"taxonomy":"category","embeddable":true,"href":"https:\/\/elmetidosv.com\/index.php?rest_route=%2Fwp%2Fv2%2Fcategories&post=14108"},{"taxonomy":"post_tag","embeddable":true,"href":"https:\/\/elmetidosv.com\/index.php?rest_route=%2Fwp%2Fv2%2Ftags&post=14108"}],"curies":[{"name":"wp","href":"https:\/\/api.w.org\/{rel}","templated":true}]}}