{"id":14009,"date":"2021-04-12T15:56:47","date_gmt":"2021-04-12T21:56:47","guid":{"rendered":"http:\/\/elmetidosve.com\/?p=14009"},"modified":"2021-04-12T15:56:55","modified_gmt":"2021-04-12T21:56:55","slug":"mas-de-200000-salvadorenos-se-han-vacunado-contra-el-covid-19","status":"publish","type":"post","link":"https:\/\/elmetidosv.com\/?p=14009","title":{"rendered":"M\u00e1s de 200,000 salvadore\u00f1os se han vacunado contra el Covid-19"},"content":{"rendered":"\n<p>El Ministro de Salud, Francisco Alabi, confirm\u00f3 este lunes que m\u00e1s de 200,000 salvadore\u00f1os se han vacunado contra el Covid-19 en una entrevista matutina.<\/p>\n\n\n\n<p>Seg\u00fan Alabi, en el pa\u00eds se est\u00e1n aplicando las 10,000 dosis diarias con el objetivo de vacunar a todos los ciudadanos contra el coronavirus.<\/p>\n\n\n\n<p>\u201cAlrededor del 92 % del personal sanitario, de primera l\u00ednea, ha sido vacunado\u201d, explic\u00f3 el funcionario en la entrevista matutina.<\/p>\n\n\n\n<p>Alabi afirm\u00f3 que no se han detectado casos de cepas del Covid-19. como se han registrado en otros pa\u00edses. Adem\u00e1s que se mantienen alertas en los diferentes puntos migratorios en el caso de registrarse uno.<\/p>\n\n\n\n<p>El Ministerio de Salud hace el llamado a la poblaci\u00f3n a no relajar las medidas de bioseguridad, porque son las m\u00e1s efectivas para protegerse del coronavirus.<\/p>\n\n\n\n<p>En el Salvador se contabilizan 66,489 casos, desde que se registr\u00f3 el primer enfermo en el municipio de Metap\u00e1n del departamento de Santa Ana en 2020.<\/p>\n","protected":false},"excerpt":{"rendered":"<p>El Ministro de Salud, Francisco Alabi, confirm\u00f3 este lunes que m\u00e1s de 200,000 salvadore\u00f1os se han vacunado contra el Covid-19<\/p>\n","protected":false},"author":2,"featured_media":14010,"comment_status":"open","ping_status":"open","sticky":false,"template":"","format":"standard","meta":{"colormag_page_container_layout":"default_layout","colormag_page_sidebar_layout":"default_layout","footnotes":""},"categories":[1],"tags":[],"class_list":["post-14009","post","type-post","status-publish","format-standard","has-post-thumbnail","hentry","category-nacional"],"_links":{"self":[{"href":"https:\/\/elmetidosv.com\/index.php?rest_route=\/wp\/v2\/posts\/14009","targetHints":{"allow":["GET"]}}],"collection":[{"href":"https:\/\/elmetidosv.com\/index.php?rest_route=\/wp\/v2\/posts"}],"about":[{"href":"https:\/\/elmetidosv.com\/index.php?rest_route=\/wp\/v2\/types\/post"}],"author":[{"embeddable":true,"href":"https:\/\/elmetidosv.com\/index.php?rest_route=\/wp\/v2\/users\/2"}],"replies":[{"embeddable":true,"href":"https:\/\/elmetidosv.com\/index.php?rest_route=%2Fwp%2Fv2%2Fcomments&post=14009"}],"version-history":[{"count":1,"href":"https:\/\/elmetidosv.com\/index.php?rest_route=\/wp\/v2\/posts\/14009\/revisions"}],"predecessor-version":[{"id":14011,"href":"https:\/\/elmetidosv.com\/index.php?rest_route=\/wp\/v2\/posts\/14009\/revisions\/14011"}],"wp:featuredmedia":[{"embeddable":true,"href":"https:\/\/elmetidosv.com\/index.php?rest_route=\/wp\/v2\/media\/14010"}],"wp:attachment":[{"href":"https:\/\/elmetidosv.com\/index.php?rest_route=%2Fwp%2Fv2%2Fmedia&parent=14009"}],"wp:term":[{"taxonomy":"category","embeddable":true,"href":"https:\/\/elmetidosv.com\/index.php?rest_route=%2Fwp%2Fv2%2Fcategories&post=14009"},{"taxonomy":"post_tag","embeddable":true,"href":"https:\/\/elmetidosv.com\/index.php?rest_route=%2Fwp%2Fv2%2Ftags&post=14009"}],"curies":[{"name":"wp","href":"https:\/\/api.w.org\/{rel}","templated":true}]}}