{"id":13974,"date":"2021-04-09T16:20:24","date_gmt":"2021-04-09T22:20:24","guid":{"rendered":"http:\/\/elmetidosve.com\/?p=13974"},"modified":"2021-04-09T16:20:42","modified_gmt":"2021-04-09T22:20:42","slug":"faes-afirma-que-el-93-de-soldados-estan-vacunados-contra-el-covid-19","status":"publish","type":"post","link":"https:\/\/elmetidosv.com\/?p=13974","title":{"rendered":"FAES afirma que el 93% de soldados est\u00e1n vacunados contra el Covid-19"},"content":{"rendered":"\n<p>Seg\u00fan datos de la Fuerza Armada de El Salvador (FAES) se han vacunado al 93% de soldados contra el COVID-19, detall\u00f3 Diario El Salvador.<\/p>\n\n\n\n<p>El Hospital Militar Central (HMC) es uno de los lugares donde se ha vacunado al personal de la FAES que esta el momento se han registrado en el pa\u00eds 65,491 enfermos.<\/p>\n\n\n\n<p>Javier C\u00f3rdova, uno de los beneficiados con la vacuna afirm\u00f3 al medio de comunicaci\u00f3n que el f\u00e1rmaco es de gran ayuda, ya que les permite estar protegidos contra el virus.<\/p>\n\n\n\n<p>\u201cGracias a Dios ha sido una gran ayuda. Hemos estado en primera l\u00ednea desde el tiempo de la cuarentena y gracias Dios este es un alivio para tener seguridad para nosotros y nuestra familia\u201d, explic\u00f3 C\u00f3rdova.<\/p>\n\n\n\n<p>Desde el inicio de la vacunaci\u00f3n, fuentes del Comando de Sanidad Militar (Cosam) indicaron que se han aplicado alrededor de 2,000 dosis diarias en este lugar, lo que les ha permitido tener avances en la inmunizaci\u00f3n del personal militar y administrativo de la instituci\u00f3n castrense.<\/p>\n","protected":false},"excerpt":{"rendered":"<p>Seg\u00fan datos de la Fuerza Armada de El Salvador (FAES) se han vacunado al 93% de soldados contra el COVID-19,<\/p>\n","protected":false},"author":2,"featured_media":13975,"comment_status":"open","ping_status":"open","sticky":false,"template":"","format":"standard","meta":{"colormag_page_container_layout":"default_layout","colormag_page_sidebar_layout":"default_layout","footnotes":""},"categories":[1],"tags":[],"class_list":["post-13974","post","type-post","status-publish","format-standard","has-post-thumbnail","hentry","category-nacional"],"_links":{"self":[{"href":"https:\/\/elmetidosv.com\/index.php?rest_route=\/wp\/v2\/posts\/13974","targetHints":{"allow":["GET"]}}],"collection":[{"href":"https:\/\/elmetidosv.com\/index.php?rest_route=\/wp\/v2\/posts"}],"about":[{"href":"https:\/\/elmetidosv.com\/index.php?rest_route=\/wp\/v2\/types\/post"}],"author":[{"embeddable":true,"href":"https:\/\/elmetidosv.com\/index.php?rest_route=\/wp\/v2\/users\/2"}],"replies":[{"embeddable":true,"href":"https:\/\/elmetidosv.com\/index.php?rest_route=%2Fwp%2Fv2%2Fcomments&post=13974"}],"version-history":[{"count":1,"href":"https:\/\/elmetidosv.com\/index.php?rest_route=\/wp\/v2\/posts\/13974\/revisions"}],"predecessor-version":[{"id":13976,"href":"https:\/\/elmetidosv.com\/index.php?rest_route=\/wp\/v2\/posts\/13974\/revisions\/13976"}],"wp:featuredmedia":[{"embeddable":true,"href":"https:\/\/elmetidosv.com\/index.php?rest_route=\/wp\/v2\/media\/13975"}],"wp:attachment":[{"href":"https:\/\/elmetidosv.com\/index.php?rest_route=%2Fwp%2Fv2%2Fmedia&parent=13974"}],"wp:term":[{"taxonomy":"category","embeddable":true,"href":"https:\/\/elmetidosv.com\/index.php?rest_route=%2Fwp%2Fv2%2Fcategories&post=13974"},{"taxonomy":"post_tag","embeddable":true,"href":"https:\/\/elmetidosv.com\/index.php?rest_route=%2Fwp%2Fv2%2Ftags&post=13974"}],"curies":[{"name":"wp","href":"https:\/\/api.w.org\/{rel}","templated":true}]}}