{"id":13948,"date":"2021-04-08T16:37:23","date_gmt":"2021-04-08T22:37:23","guid":{"rendered":"http:\/\/elmetidosve.com\/?p=13948"},"modified":"2021-04-08T16:37:30","modified_gmt":"2021-04-08T22:37:30","slug":"salvadorenos-con-discapacidad-visual-reciben-la-vacuna-contra-el-covid-19","status":"publish","type":"post","link":"https:\/\/elmetidosv.com\/?p=13948","title":{"rendered":"Salvadore\u00f1os con discapacidad visual reciben la vacuna contra el Covid-19"},"content":{"rendered":"\n<p>Esta ma\u00f1ana cientos de salvadore\u00f1os con discapacidad visual recibieron la primera dosis de la vacuna contra el Covid,19 en diferentes puntos de el pa\u00eds.<\/p>\n\n\n\n<p>\u201cNuestro deber es proteger a TODOS los salvadore\u00f1os contra el COVID19 de la manera m\u00e1s r\u00e1pida y eficiente, haci\u00e9ndonos cargo de las necesidades de cada paciente\u201d, inform\u00f3 el Gobierno.<\/p>\n\n\n\n<p>Desde el pasado 7 de abril, El Gobierno del Presidente Nayib Bukele inici\u00f3 la vacunaci\u00f3n dirigida a adultos mayores de 80 a\u00f1os y personas con enfermedades cr\u00f3nicas.<\/p>\n\n\n\n<p>En ese sentido, el Gobierno tiene como meta vacunar al 100% de la poblaci\u00f3n salvadore\u00f1a antes que termine el a\u00f1o 2021. \u201cUstedes pueden ver que entre todas estas vacunas estamos alcanzando cerca de los 7 millones de vacunas adquiridas. La meta a alcanzar son 9 millones de dosis\u201d, explic\u00f3 Francisco Alabi, ministro de Salud.<\/p>\n\n\n\n<p>\u201cLo importante es no tener ansiedad. Vamos a vacunar a todos los salvadore\u00f1os. Nuestra meta es que todos los salvadore\u00f1os sean vacunados en este a\u00f1o\u201d, agreg\u00f3 Alabi.<\/p>\n\n\n\n<p>El ministro Alabi se\u00f1al\u00f3 que pronto comenzar\u00e1n con el segmento de 70 a 80 a\u00f1os; despu\u00e9s, con los de 60 a 70 y as\u00ed sucesivamente.<\/p>\n","protected":false},"excerpt":{"rendered":"<p>Esta ma\u00f1ana cientos de salvadore\u00f1os con discapacidad visual recibieron la primera dosis de la vacuna contra el Covid,19 en diferentes<\/p>\n","protected":false},"author":2,"featured_media":13949,"comment_status":"open","ping_status":"open","sticky":false,"template":"","format":"standard","meta":{"colormag_page_container_layout":"default_layout","colormag_page_sidebar_layout":"default_layout","footnotes":""},"categories":[1],"tags":[],"class_list":["post-13948","post","type-post","status-publish","format-standard","has-post-thumbnail","hentry","category-nacional"],"_links":{"self":[{"href":"https:\/\/elmetidosv.com\/index.php?rest_route=\/wp\/v2\/posts\/13948","targetHints":{"allow":["GET"]}}],"collection":[{"href":"https:\/\/elmetidosv.com\/index.php?rest_route=\/wp\/v2\/posts"}],"about":[{"href":"https:\/\/elmetidosv.com\/index.php?rest_route=\/wp\/v2\/types\/post"}],"author":[{"embeddable":true,"href":"https:\/\/elmetidosv.com\/index.php?rest_route=\/wp\/v2\/users\/2"}],"replies":[{"embeddable":true,"href":"https:\/\/elmetidosv.com\/index.php?rest_route=%2Fwp%2Fv2%2Fcomments&post=13948"}],"version-history":[{"count":1,"href":"https:\/\/elmetidosv.com\/index.php?rest_route=\/wp\/v2\/posts\/13948\/revisions"}],"predecessor-version":[{"id":13950,"href":"https:\/\/elmetidosv.com\/index.php?rest_route=\/wp\/v2\/posts\/13948\/revisions\/13950"}],"wp:featuredmedia":[{"embeddable":true,"href":"https:\/\/elmetidosv.com\/index.php?rest_route=\/wp\/v2\/media\/13949"}],"wp:attachment":[{"href":"https:\/\/elmetidosv.com\/index.php?rest_route=%2Fwp%2Fv2%2Fmedia&parent=13948"}],"wp:term":[{"taxonomy":"category","embeddable":true,"href":"https:\/\/elmetidosv.com\/index.php?rest_route=%2Fwp%2Fv2%2Fcategories&post=13948"},{"taxonomy":"post_tag","embeddable":true,"href":"https:\/\/elmetidosv.com\/index.php?rest_route=%2Fwp%2Fv2%2Ftags&post=13948"}],"curies":[{"name":"wp","href":"https:\/\/api.w.org\/{rel}","templated":true}]}}