{"id":13868,"date":"2021-04-03T12:30:15","date_gmt":"2021-04-03T18:30:15","guid":{"rendered":"http:\/\/elmetidosve.com\/?p=13868"},"modified":"2021-04-03T12:30:23","modified_gmt":"2021-04-03T18:30:23","slug":"arriba-al-pais-el-cuerpo-de-la-salvadorena-que-fue-asesinada-por-policias-de-tulum","status":"publish","type":"post","link":"https:\/\/elmetidosv.com\/?p=13868","title":{"rendered":"Arriba al pais el cuerpo de la Salvadore\u00f1a que fue asesinada por polic\u00edas de Tulum"},"content":{"rendered":"\n<figure class=\"wp-block-gallery columns-2 is-cropped wp-block-gallery-1 is-layout-flex wp-block-gallery-is-layout-flex\"><ul class=\"blocks-gallery-grid\"><li class=\"blocks-gallery-item\"><figure><img loading=\"lazy\" decoding=\"async\" width=\"600\" height=\"520\" src=\"http:\/\/elmetidosve.com\/wp-content\/uploads\/2021\/04\/0000-8.jpg\" alt=\"\" data-id=\"13869\" data-full-url=\"http:\/\/elmetidosve.com\/wp-content\/uploads\/2021\/04\/0000-8.jpg\" data-link=\"http:\/\/elmetidosve.com\/?attachment_id=13869\" class=\"wp-image-13869\" srcset=\"https:\/\/elmetidosv.com\/wp-content\/uploads\/2021\/04\/0000-8.jpg 600w, https:\/\/elmetidosv.com\/wp-content\/uploads\/2021\/04\/0000-8-300x260.jpg 300w\" sizes=\"auto, (max-width: 600px) 100vw, 600px\" \/><\/figure><\/li><li class=\"blocks-gallery-item\"><figure><img loading=\"lazy\" decoding=\"async\" width=\"600\" height=\"337\" src=\"http:\/\/elmetidosve.com\/wp-content\/uploads\/2021\/04\/000-4.jpg\" alt=\"\" data-id=\"13870\" data-full-url=\"http:\/\/elmetidosve.com\/wp-content\/uploads\/2021\/04\/000-4.jpg\" data-link=\"http:\/\/elmetidosve.com\/?attachment_id=13870\" class=\"wp-image-13870\" srcset=\"https:\/\/elmetidosv.com\/wp-content\/uploads\/2021\/04\/000-4.jpg 600w, https:\/\/elmetidosv.com\/wp-content\/uploads\/2021\/04\/000-4-300x169.jpg 300w\" sizes=\"auto, (max-width: 600px) 100vw, 600px\" \/><\/figure><\/li><\/ul><\/figure>\n\n\n\n<p>Procedente, de M\u00e9xico esta  ma\u00f1ana ha arribado al pa\u00eds el cuerpo de Victoria Salazar; Salvadore\u0148a que fue asesinada por polic\u00edas municipales de Tulum.<br>\nLos, restos son acompa\u0148ados de su madre e hija.<\/p>\n","protected":false},"excerpt":{"rendered":"<p>Procedente, de M\u00e9xico esta ma\u00f1ana ha arribado al pa\u00eds el cuerpo de Victoria Salazar; Salvadore\u0148a que fue asesinada por polic\u00edas<\/p>\n","protected":false},"author":2,"featured_media":13869,"comment_status":"open","ping_status":"open","sticky":false,"template":"","format":"standard","meta":{"colormag_page_container_layout":"default_layout","colormag_page_sidebar_layout":"default_layout","footnotes":""},"categories":[1],"tags":[],"class_list":["post-13868","post","type-post","status-publish","format-standard","has-post-thumbnail","hentry","category-nacional"],"_links":{"self":[{"href":"https:\/\/elmetidosv.com\/index.php?rest_route=\/wp\/v2\/posts\/13868","targetHints":{"allow":["GET"]}}],"collection":[{"href":"https:\/\/elmetidosv.com\/index.php?rest_route=\/wp\/v2\/posts"}],"about":[{"href":"https:\/\/elmetidosv.com\/index.php?rest_route=\/wp\/v2\/types\/post"}],"author":[{"embeddable":true,"href":"https:\/\/elmetidosv.com\/index.php?rest_route=\/wp\/v2\/users\/2"}],"replies":[{"embeddable":true,"href":"https:\/\/elmetidosv.com\/index.php?rest_route=%2Fwp%2Fv2%2Fcomments&post=13868"}],"version-history":[{"count":1,"href":"https:\/\/elmetidosv.com\/index.php?rest_route=\/wp\/v2\/posts\/13868\/revisions"}],"predecessor-version":[{"id":13871,"href":"https:\/\/elmetidosv.com\/index.php?rest_route=\/wp\/v2\/posts\/13868\/revisions\/13871"}],"wp:featuredmedia":[{"embeddable":true,"href":"https:\/\/elmetidosv.com\/index.php?rest_route=\/wp\/v2\/media\/13869"}],"wp:attachment":[{"href":"https:\/\/elmetidosv.com\/index.php?rest_route=%2Fwp%2Fv2%2Fmedia&parent=13868"}],"wp:term":[{"taxonomy":"category","embeddable":true,"href":"https:\/\/elmetidosv.com\/index.php?rest_route=%2Fwp%2Fv2%2Fcategories&post=13868"},{"taxonomy":"post_tag","embeddable":true,"href":"https:\/\/elmetidosv.com\/index.php?rest_route=%2Fwp%2Fv2%2Ftags&post=13868"}],"curies":[{"name":"wp","href":"https:\/\/api.w.org\/{rel}","templated":true}]}}