{"id":13843,"date":"2021-04-02T14:30:25","date_gmt":"2021-04-02T20:30:25","guid":{"rendered":"http:\/\/elmetidosve.com\/?p=13843"},"modified":"2021-04-02T14:30:34","modified_gmt":"2021-04-02T20:30:34","slug":"muere-roberto-reyes-mejor-conocido-como-primo-chomo","status":"publish","type":"post","link":"https:\/\/elmetidosv.com\/?p=13843","title":{"rendered":"Muere Roberto Reyes, mejor conocido como \u201cPrimo Chomo\u201d"},"content":{"rendered":"\n<figure class=\"wp-block-gallery columns-1 is-cropped wp-block-gallery-1 is-layout-flex wp-block-gallery-is-layout-flex\"><ul class=\"blocks-gallery-grid\"><li class=\"blocks-gallery-item\"><figure><img loading=\"lazy\" decoding=\"async\" width=\"480\" height=\"360\" src=\"http:\/\/elmetidosve.com\/wp-content\/uploads\/2021\/04\/0000-6.jpg\" alt=\"\" data-id=\"13845\" data-full-url=\"http:\/\/elmetidosve.com\/wp-content\/uploads\/2021\/04\/0000-6.jpg\" data-link=\"http:\/\/elmetidosve.com\/?attachment_id=13845\" class=\"wp-image-13845\" srcset=\"https:\/\/elmetidosv.com\/wp-content\/uploads\/2021\/04\/0000-6.jpg 480w, https:\/\/elmetidosv.com\/wp-content\/uploads\/2021\/04\/0000-6-300x225.jpg 300w\" sizes=\"auto, (max-width: 480px) 100vw, 480px\" \/><\/figure><\/li><\/ul><\/figure>\n\n\n\n<p>Tras largos a\u00f1os de trayectoria en la rama de la comunicaci\u00f3n, Roberto Reyes, mejor conocido por su personaje de \u201cEl Primo Chomo\u201d, falleci\u00f3 en horas de la madrugada de este viernes, confirmaron sus familiares.<\/p>\n\n\n\n<p>\u201cEl segundo d\u00eda al que m\u00e1s le tuve miedo desde ni\u00f1o lleg\u00f3, hoy me toca despedir a mi super h\u00e9roe, todos los conocieron como El Primo Chomo, para m\u00ed era el mejor padre que Dios me pudo haber permitido tener, ya est\u00e1 reunido con mi mam\u00e1. Te amo por siempre\u201d, expres\u00f3 su hijo en sus redes sociales.<\/p>\n\n\n\n<p>Desde la \u00e9poca de los a\u00f1os 1980, \u201cEl Primo Chomo\u201d fue conocido por protagonizar el personaje de Jer\u00f3nimo Slumbraci\u00f3n Secundino Silverio Bail\u00f3n Calixton de la Concepci\u00f3n Zumba Zumbara Vira Vir\u00f3n \u201cCu\u00e9ntala que las 12 son\u201d.<\/p>\n\n\n\n<p>En 2019, la Asamblea Legislativa reconoci\u00f3 el talento de reyes Reyes tras formar parte de un selecto grupo de locutores.<\/p>\n\n\n\n<p>Su trayectoria profesional le permiti\u00f3 compartir experiencias en las cabinas radiales con otros iconos salvadore\u00f1os como \u201cDo\u00f1a Ter\u00e9sfora, \u201cAniceto Porsisoca\u201d, \u201cP\u00e1nfilo\u201d, entre otros. Descanza en paz, \u201cPrimo Chomo\u201d.<\/p>\n","protected":false},"excerpt":{"rendered":"<p>Tras largos a\u00f1os de trayectoria en la rama de la comunicaci\u00f3n, Roberto Reyes, mejor conocido por su personaje de \u201cEl<\/p>\n","protected":false},"author":2,"featured_media":13844,"comment_status":"open","ping_status":"open","sticky":false,"template":"","format":"standard","meta":{"colormag_page_container_layout":"default_layout","colormag_page_sidebar_layout":"default_layout","footnotes":""},"categories":[1],"tags":[],"class_list":["post-13843","post","type-post","status-publish","format-standard","has-post-thumbnail","hentry","category-nacional"],"_links":{"self":[{"href":"https:\/\/elmetidosv.com\/index.php?rest_route=\/wp\/v2\/posts\/13843","targetHints":{"allow":["GET"]}}],"collection":[{"href":"https:\/\/elmetidosv.com\/index.php?rest_route=\/wp\/v2\/posts"}],"about":[{"href":"https:\/\/elmetidosv.com\/index.php?rest_route=\/wp\/v2\/types\/post"}],"author":[{"embeddable":true,"href":"https:\/\/elmetidosv.com\/index.php?rest_route=\/wp\/v2\/users\/2"}],"replies":[{"embeddable":true,"href":"https:\/\/elmetidosv.com\/index.php?rest_route=%2Fwp%2Fv2%2Fcomments&post=13843"}],"version-history":[{"count":1,"href":"https:\/\/elmetidosv.com\/index.php?rest_route=\/wp\/v2\/posts\/13843\/revisions"}],"predecessor-version":[{"id":13846,"href":"https:\/\/elmetidosv.com\/index.php?rest_route=\/wp\/v2\/posts\/13843\/revisions\/13846"}],"wp:featuredmedia":[{"embeddable":true,"href":"https:\/\/elmetidosv.com\/index.php?rest_route=\/wp\/v2\/media\/13844"}],"wp:attachment":[{"href":"https:\/\/elmetidosv.com\/index.php?rest_route=%2Fwp%2Fv2%2Fmedia&parent=13843"}],"wp:term":[{"taxonomy":"category","embeddable":true,"href":"https:\/\/elmetidosv.com\/index.php?rest_route=%2Fwp%2Fv2%2Fcategories&post=13843"},{"taxonomy":"post_tag","embeddable":true,"href":"https:\/\/elmetidosv.com\/index.php?rest_route=%2Fwp%2Fv2%2Ftags&post=13843"}],"curies":[{"name":"wp","href":"https:\/\/api.w.org\/{rel}","templated":true}]}}