{"id":13839,"date":"2021-04-01T19:33:44","date_gmt":"2021-04-02T01:33:44","guid":{"rendered":"http:\/\/elmetidosve.com\/?p=13839"},"modified":"2021-04-01T19:33:51","modified_gmt":"2021-04-02T01:33:51","slug":"hombre-apunalo-a-su-esposa-e-invitados-de-un-culto-evangelico","status":"publish","type":"post","link":"https:\/\/elmetidosv.com\/?p=13839","title":{"rendered":"Hombre apu\u00f1alo a su esposa   e invitados de un culto evangelico"},"content":{"rendered":"\n<figure class=\"wp-block-video\"><video controls src=\"blob:http:\/\/elmetidosve.com\/4dfa46e9-ccc1-4fe0-af2a-7bd899033781\"><\/video><\/figure>\n\n\n\n<p>El hecho Sucedi\u00f3 en cant\u00f3n los Gramales del municipio de Caluco y quedo grabado,en el video se observa que  mientras miembros de la Iglesia de Dios celebraban un culto de acci\u00f3n de gracias en la vivienda de una abuelita que cumpl\u00eda 76 a\u00f1os de edad.<\/p>\n\n\n\n<p>Un hombre identificado como \u00abDon Onil\u00bb irrumpi\u00f3 de forma violenta, sacando un cuchillo de su cintura apu\u00f1alando a su esposa identificada como Berta Alicia de 56 a\u00f1os de edad, un segundo asistente que intent\u00f3 defender a la v\u00edctima tambi\u00e9n result\u00f3 lesionado, una tercera persona que se encontraba en el culto portaba arma de fuego y dispar\u00f3 a las piernas del atacante.<\/p>\n\n\n\n<p>Las v\u00edctimas fueron trasladadas al hospital Jorge Mazzini, el agresor ten\u00eda orden de alejamiento hac\u00eda su esposa y se encuentra detenido as\u00ed como el hombre que dispar\u00f3 para defender a la f\u00e9mina.<\/p>\n","protected":false},"excerpt":{"rendered":"<p>El hecho Sucedi\u00f3 en cant\u00f3n los Gramales del municipio de Caluco y quedo grabado,en el video se observa que mientras<\/p>\n","protected":false},"author":2,"featured_media":13840,"comment_status":"open","ping_status":"open","sticky":false,"template":"","format":"standard","meta":{"colormag_page_container_layout":"default_layout","colormag_page_sidebar_layout":"default_layout","footnotes":""},"categories":[1],"tags":[],"class_list":["post-13839","post","type-post","status-publish","format-standard","has-post-thumbnail","hentry","category-nacional"],"_links":{"self":[{"href":"https:\/\/elmetidosv.com\/index.php?rest_route=\/wp\/v2\/posts\/13839","targetHints":{"allow":["GET"]}}],"collection":[{"href":"https:\/\/elmetidosv.com\/index.php?rest_route=\/wp\/v2\/posts"}],"about":[{"href":"https:\/\/elmetidosv.com\/index.php?rest_route=\/wp\/v2\/types\/post"}],"author":[{"embeddable":true,"href":"https:\/\/elmetidosv.com\/index.php?rest_route=\/wp\/v2\/users\/2"}],"replies":[{"embeddable":true,"href":"https:\/\/elmetidosv.com\/index.php?rest_route=%2Fwp%2Fv2%2Fcomments&post=13839"}],"version-history":[{"count":1,"href":"https:\/\/elmetidosv.com\/index.php?rest_route=\/wp\/v2\/posts\/13839\/revisions"}],"predecessor-version":[{"id":13841,"href":"https:\/\/elmetidosv.com\/index.php?rest_route=\/wp\/v2\/posts\/13839\/revisions\/13841"}],"wp:featuredmedia":[{"embeddable":true,"href":"https:\/\/elmetidosv.com\/index.php?rest_route=\/wp\/v2\/media\/13840"}],"wp:attachment":[{"href":"https:\/\/elmetidosv.com\/index.php?rest_route=%2Fwp%2Fv2%2Fmedia&parent=13839"}],"wp:term":[{"taxonomy":"category","embeddable":true,"href":"https:\/\/elmetidosv.com\/index.php?rest_route=%2Fwp%2Fv2%2Fcategories&post=13839"},{"taxonomy":"post_tag","embeddable":true,"href":"https:\/\/elmetidosv.com\/index.php?rest_route=%2Fwp%2Fv2%2Ftags&post=13839"}],"curies":[{"name":"wp","href":"https:\/\/api.w.org\/{rel}","templated":true}]}}