{"id":13833,"date":"2021-04-01T16:38:56","date_gmt":"2021-04-01T22:38:56","guid":{"rendered":"http:\/\/elmetidosve.com\/?p=13833"},"modified":"2021-04-01T16:39:04","modified_gmt":"2021-04-01T22:39:04","slug":"fuerte-accidente-en-autopista-a-comalapa","status":"publish","type":"post","link":"https:\/\/elmetidosv.com\/?p=13833","title":{"rendered":"Fuerte accidente en autopista a Comalapa"},"content":{"rendered":"\n<figure class=\"wp-block-gallery columns-1 is-cropped wp-block-gallery-1 is-layout-flex wp-block-gallery-is-layout-flex\"><ul class=\"blocks-gallery-grid\"><li class=\"blocks-gallery-item\"><figure><img loading=\"lazy\" decoding=\"async\" width=\"383\" height=\"680\" src=\"http:\/\/elmetidosve.com\/wp-content\/uploads\/2021\/04\/0000-3.jpg\" alt=\"\" data-id=\"13834\" data-link=\"http:\/\/elmetidosve.com\/?attachment_id=13834\" class=\"wp-image-13834\" srcset=\"https:\/\/elmetidosv.com\/wp-content\/uploads\/2021\/04\/0000-3.jpg 383w, https:\/\/elmetidosv.com\/wp-content\/uploads\/2021\/04\/0000-3-169x300.jpg 169w\" sizes=\"auto, (max-width: 383px) 100vw, 383px\" \/><\/figure><\/li><li class=\"blocks-gallery-item\"><figure><img loading=\"lazy\" decoding=\"async\" width=\"240\" height=\"135\" src=\"http:\/\/elmetidosve.com\/wp-content\/uploads\/2021\/04\/000-1.jpg\" alt=\"\" data-id=\"13835\" data-link=\"http:\/\/elmetidosve.com\/?attachment_id=13835\" class=\"wp-image-13835\"\/><\/figure><\/li><li class=\"blocks-gallery-item\"><figure><img loading=\"lazy\" decoding=\"async\" width=\"240\" height=\"135\" src=\"http:\/\/elmetidosve.com\/wp-content\/uploads\/2021\/04\/0000-4.jpg\" alt=\"\" data-id=\"13836\" data-full-url=\"http:\/\/elmetidosve.com\/wp-content\/uploads\/2021\/04\/0000-4.jpg\" data-link=\"http:\/\/elmetidosve.com\/?attachment_id=13836\" class=\"wp-image-13836\"\/><\/figure><\/li><\/ul><\/figure>\n\n\n\n<p>Una menor de edad y dos personas adultas resultaron lesionadas esta tarde de jueves luego de sufrir un fuerte accidente de tr\u00e1nsito en la Autopista a Comalapa, en el sentido hacia San Salvador.<\/p>\n\n\n\n<p>Cuerpos de socorro y elementos policiales se han hecho presentes a la zona para auxiliar a las v\u00edctimas, las cuales viajaban en un veh\u00edculo tipo sed\u00e1n.<\/p>\n\n\n\n<p>El percance tuvo lugar en el kil\u00f3metro 31 de la carretera en las cercan\u00edas de la Zona Franca de Montelimar, Olocuilta, donde se ha restringido el paso vehicular debido al accidente.<\/p>\n\n\n\n<p>Entre las v\u00edctimas se encuentran una mujer, un hombre y una ni\u00f1a de aproximadamente dos a\u00f1os. Estos est\u00e1n siendo atendidos por socorristas de Comandos de Salvamento.<\/p>\n","protected":false},"excerpt":{"rendered":"<p>Una menor de edad y dos personas adultas resultaron lesionadas esta tarde de jueves luego de sufrir un fuerte accidente<\/p>\n","protected":false},"author":2,"featured_media":13835,"comment_status":"open","ping_status":"open","sticky":false,"template":"","format":"standard","meta":{"colormag_page_container_layout":"default_layout","colormag_page_sidebar_layout":"default_layout","footnotes":""},"categories":[1],"tags":[],"class_list":["post-13833","post","type-post","status-publish","format-standard","has-post-thumbnail","hentry","category-nacional"],"_links":{"self":[{"href":"https:\/\/elmetidosv.com\/index.php?rest_route=\/wp\/v2\/posts\/13833","targetHints":{"allow":["GET"]}}],"collection":[{"href":"https:\/\/elmetidosv.com\/index.php?rest_route=\/wp\/v2\/posts"}],"about":[{"href":"https:\/\/elmetidosv.com\/index.php?rest_route=\/wp\/v2\/types\/post"}],"author":[{"embeddable":true,"href":"https:\/\/elmetidosv.com\/index.php?rest_route=\/wp\/v2\/users\/2"}],"replies":[{"embeddable":true,"href":"https:\/\/elmetidosv.com\/index.php?rest_route=%2Fwp%2Fv2%2Fcomments&post=13833"}],"version-history":[{"count":1,"href":"https:\/\/elmetidosv.com\/index.php?rest_route=\/wp\/v2\/posts\/13833\/revisions"}],"predecessor-version":[{"id":13837,"href":"https:\/\/elmetidosv.com\/index.php?rest_route=\/wp\/v2\/posts\/13833\/revisions\/13837"}],"wp:featuredmedia":[{"embeddable":true,"href":"https:\/\/elmetidosv.com\/index.php?rest_route=\/wp\/v2\/media\/13835"}],"wp:attachment":[{"href":"https:\/\/elmetidosv.com\/index.php?rest_route=%2Fwp%2Fv2%2Fmedia&parent=13833"}],"wp:term":[{"taxonomy":"category","embeddable":true,"href":"https:\/\/elmetidosv.com\/index.php?rest_route=%2Fwp%2Fv2%2Fcategories&post=13833"},{"taxonomy":"post_tag","embeddable":true,"href":"https:\/\/elmetidosv.com\/index.php?rest_route=%2Fwp%2Fv2%2Ftags&post=13833"}],"curies":[{"name":"wp","href":"https:\/\/api.w.org\/{rel}","templated":true}]}}