{"id":13740,"date":"2021-03-29T18:30:59","date_gmt":"2021-03-30T00:30:59","guid":{"rendered":"http:\/\/elmetidosve.com\/?p=13740"},"modified":"2021-03-29T18:31:08","modified_gmt":"2021-03-30T00:31:08","slug":"gobierno-condena-la-muerte-de-salvadorena-en-tulum-y-espera-que-los-responsables-reciban-todo-el-peso-de-la-ley","status":"publish","type":"post","link":"https:\/\/elmetidosv.com\/?p=13740","title":{"rendered":"Gobierno condena la muerte de salvadore\u00f1a en Tulum y espera que los responsables reciban todo el peso de la ley"},"content":{"rendered":"\n<figure class=\"wp-block-image\"><img decoding=\"async\" src=\"https:\/\/pbs.twimg.com\/media\/ExnoWVEWQAUgCs6?format=jpg&amp;name=small\" alt=\"Imagen\"\/><\/figure>\n\n\n\n<p>El Gobierno de El Salvador, a trav\u00e9s del Ministerio de Relaciones Exteriores expres\u00f3 sus m\u00e1s profundas condolencias a los familiares de Victoria Esperanza Salazar Arriaza, de 36 a\u00f1os de edad, quien fue ultimada por polic\u00edas en Tulum, M\u00e9xico.<\/p>\n\n\n\n<p>Mediante un comunicado, el Gobierno salvadore\u00f1o conden\u00f3 las acciones que provocaron la muerte de la salvadore\u00f1a; asimismo inform\u00f3 que ya mantiene comunicaci\u00f3n con las autoridades mexicanas, con miras a que se sigan la celeridad las investigaciones pertinentes.<\/p>\n\n\n\n<p>En ese sentido, la ministra Alexandra Hill Tinoco, afirm\u00f3 que se brindar\u00e1 todo el apoyo y el acompa\u00f1amiento a los familiares de Victoria, quien era originaria del departamento de Sonsonate.<\/p>\n\n\n\n<p>Por su parte, el Presidente de la Rep\u00fablica, Nayib Bukele, asegur\u00f3 que el Gobierno se encargar\u00e1 de la manutenci\u00f3n y estudios de las dos hijas de Victoria y de todo lo que necesiten.<\/p>\n\n\n\n<p>\u201cVeo a miles de mexicanos indignados, exigiendo justicia para nuestra compatriota. Ellos est\u00e1n igual de indignados que nosotros. Que no se nos olvide que no fue el pueblo mexicano quien cometi\u00f3 este crimen, sino unos crim\u00ednales en la polic\u00eda de Tulum\u201d, expres\u00f3 el mandatario.<\/p>\n","protected":false},"excerpt":{"rendered":"<p>El Gobierno de El Salvador, a trav\u00e9s del Ministerio de Relaciones Exteriores expres\u00f3 sus m\u00e1s profundas condolencias a los familiares<\/p>\n","protected":false},"author":2,"featured_media":13741,"comment_status":"open","ping_status":"open","sticky":false,"template":"","format":"standard","meta":{"colormag_page_container_layout":"default_layout","colormag_page_sidebar_layout":"default_layout","footnotes":""},"categories":[1],"tags":[],"class_list":["post-13740","post","type-post","status-publish","format-standard","has-post-thumbnail","hentry","category-nacional"],"_links":{"self":[{"href":"https:\/\/elmetidosv.com\/index.php?rest_route=\/wp\/v2\/posts\/13740","targetHints":{"allow":["GET"]}}],"collection":[{"href":"https:\/\/elmetidosv.com\/index.php?rest_route=\/wp\/v2\/posts"}],"about":[{"href":"https:\/\/elmetidosv.com\/index.php?rest_route=\/wp\/v2\/types\/post"}],"author":[{"embeddable":true,"href":"https:\/\/elmetidosv.com\/index.php?rest_route=\/wp\/v2\/users\/2"}],"replies":[{"embeddable":true,"href":"https:\/\/elmetidosv.com\/index.php?rest_route=%2Fwp%2Fv2%2Fcomments&post=13740"}],"version-history":[{"count":1,"href":"https:\/\/elmetidosv.com\/index.php?rest_route=\/wp\/v2\/posts\/13740\/revisions"}],"predecessor-version":[{"id":13742,"href":"https:\/\/elmetidosv.com\/index.php?rest_route=\/wp\/v2\/posts\/13740\/revisions\/13742"}],"wp:featuredmedia":[{"embeddable":true,"href":"https:\/\/elmetidosv.com\/index.php?rest_route=\/wp\/v2\/media\/13741"}],"wp:attachment":[{"href":"https:\/\/elmetidosv.com\/index.php?rest_route=%2Fwp%2Fv2%2Fmedia&parent=13740"}],"wp:term":[{"taxonomy":"category","embeddable":true,"href":"https:\/\/elmetidosv.com\/index.php?rest_route=%2Fwp%2Fv2%2Fcategories&post=13740"},{"taxonomy":"post_tag","embeddable":true,"href":"https:\/\/elmetidosv.com\/index.php?rest_route=%2Fwp%2Fv2%2Ftags&post=13740"}],"curies":[{"name":"wp","href":"https:\/\/api.w.org\/{rel}","templated":true}]}}