{"id":13734,"date":"2021-03-25T17:05:01","date_gmt":"2021-03-25T23:05:01","guid":{"rendered":"http:\/\/elmetidosve.com\/?p=13734"},"modified":"2021-03-25T17:05:09","modified_gmt":"2021-03-25T23:05:09","slug":"dan-de-alta-a-18-pacientes-recuperados-de-covid-19-en-el-hospital-el-salvador","status":"publish","type":"post","link":"https:\/\/elmetidosv.com\/?p=13734","title":{"rendered":"Dan de alta a 18 pacientes recuperados de Covid-19 en el Hospital El Salvador"},"content":{"rendered":"\n<p>Otro grupo de 18 salvadore\u00f1os recibi\u00f3 el alta m\u00e9dica en el Hospital El Salvador tras haber recibido atenci\u00f3n especializada para superar el Covid-19.<\/p>\n\n\n\n<p>Son 15 hombres y tres mujeres que est\u00e9 d\u00eda salieron victoriosos tras haber luchado contra el coronavirus.<\/p>\n\n\n\n<p>Estas personas regresaron a sus hogares para terminar el tratamiento con las medicinas y vitaminas que les entreg\u00f3 el personal sanitario.<\/p>\n\n\n\n<p>La dedicaci\u00f3n que los h\u00e9roes de la Salud ponen para que cada paciente supere la enfermedad, se ve reflejada d\u00eda a d\u00eda, cuando las familias salvadore\u00f1as se reencuentran despu\u00e9s de esta dura batalla.<\/p>\n\n\n\n<p>De acuerdo con el sitio&nbsp;<em>covid19.gob.sv<\/em>, donde el Gobierno p\u00fablica informaci\u00f3n sobre el virus en El Salvador,&nbsp;<strong>61,009<\/strong>&nbsp;salvadore\u00f1os se han recuperado de Covid-19. Lamentablemente, 1,990 han perdido la vida desde que inicio la pandemia.<\/p>\n\n\n\n<p>Asimismo, seg\u00fan el mismo portal, hay 35 personas con un estado de salud cr\u00edtico, 83 graves, 158 moderados, 216 estables, y 275 asintom\u00e1ticos.<br><\/p>\n","protected":false},"excerpt":{"rendered":"<p>Otro grupo de 18 salvadore\u00f1os recibi\u00f3 el alta m\u00e9dica en el Hospital El Salvador tras haber recibido atenci\u00f3n especializada para<\/p>\n","protected":false},"author":2,"featured_media":13735,"comment_status":"open","ping_status":"open","sticky":false,"template":"","format":"standard","meta":{"colormag_page_container_layout":"default_layout","colormag_page_sidebar_layout":"default_layout","footnotes":""},"categories":[1],"tags":[],"class_list":["post-13734","post","type-post","status-publish","format-standard","has-post-thumbnail","hentry","category-nacional"],"_links":{"self":[{"href":"https:\/\/elmetidosv.com\/index.php?rest_route=\/wp\/v2\/posts\/13734","targetHints":{"allow":["GET"]}}],"collection":[{"href":"https:\/\/elmetidosv.com\/index.php?rest_route=\/wp\/v2\/posts"}],"about":[{"href":"https:\/\/elmetidosv.com\/index.php?rest_route=\/wp\/v2\/types\/post"}],"author":[{"embeddable":true,"href":"https:\/\/elmetidosv.com\/index.php?rest_route=\/wp\/v2\/users\/2"}],"replies":[{"embeddable":true,"href":"https:\/\/elmetidosv.com\/index.php?rest_route=%2Fwp%2Fv2%2Fcomments&post=13734"}],"version-history":[{"count":1,"href":"https:\/\/elmetidosv.com\/index.php?rest_route=\/wp\/v2\/posts\/13734\/revisions"}],"predecessor-version":[{"id":13736,"href":"https:\/\/elmetidosv.com\/index.php?rest_route=\/wp\/v2\/posts\/13734\/revisions\/13736"}],"wp:featuredmedia":[{"embeddable":true,"href":"https:\/\/elmetidosv.com\/index.php?rest_route=\/wp\/v2\/media\/13735"}],"wp:attachment":[{"href":"https:\/\/elmetidosv.com\/index.php?rest_route=%2Fwp%2Fv2%2Fmedia&parent=13734"}],"wp:term":[{"taxonomy":"category","embeddable":true,"href":"https:\/\/elmetidosv.com\/index.php?rest_route=%2Fwp%2Fv2%2Fcategories&post=13734"},{"taxonomy":"post_tag","embeddable":true,"href":"https:\/\/elmetidosv.com\/index.php?rest_route=%2Fwp%2Fv2%2Ftags&post=13734"}],"curies":[{"name":"wp","href":"https:\/\/api.w.org\/{rel}","templated":true}]}}