{"id":1373,"date":"2020-04-10T18:55:16","date_gmt":"2020-04-11T00:55:16","guid":{"rendered":"http:\/\/elmetidosve.com\/?p=1373"},"modified":"2020-04-10T18:55:24","modified_gmt":"2020-04-11T00:55:24","slug":"mas-de-1000-salvadorenos-han-salido-de-centros-de-contencion-tras-cumplir-su-cuarentena-todos-negativos-a-covid-19","status":"publish","type":"post","link":"https:\/\/elmetidosv.com\/?p=1373","title":{"rendered":"M\u00e1s de 1,000 salvadore\u00f1os han salido de centros de contenci\u00f3n tras cumplir su cuarentena, todos negativos a COVID-19"},"content":{"rendered":"\n<figure class=\"wp-block-gallery columns-3 is-cropped wp-block-gallery-1 is-layout-flex wp-block-gallery-is-layout-flex\"><ul class=\"blocks-gallery-grid\"><li class=\"blocks-gallery-item\"><figure><img loading=\"lazy\" decoding=\"async\" width=\"360\" height=\"240\" src=\"http:\/\/elmetidosve.com\/wp-content\/uploads\/2020\/04\/0000000000000000000000000-23.jpg\" alt=\"\" data-id=\"1374\" data-full-url=\"http:\/\/elmetidosve.com\/wp-content\/uploads\/2020\/04\/0000000000000000000000000-23.jpg\" data-link=\"http:\/\/elmetidosve.com\/?attachment_id=1374\" class=\"wp-image-1374\" srcset=\"https:\/\/elmetidosv.com\/wp-content\/uploads\/2020\/04\/0000000000000000000000000-23.jpg 360w, https:\/\/elmetidosv.com\/wp-content\/uploads\/2020\/04\/0000000000000000000000000-23-300x200.jpg 300w\" sizes=\"auto, (max-width: 360px) 100vw, 360px\" \/><\/figure><\/li><li class=\"blocks-gallery-item\"><figure><img loading=\"lazy\" decoding=\"async\" width=\"360\" height=\"240\" src=\"http:\/\/elmetidosve.com\/wp-content\/uploads\/2020\/04\/000000000000000000-24.jpg\" alt=\"\" data-id=\"1375\" data-full-url=\"http:\/\/elmetidosve.com\/wp-content\/uploads\/2020\/04\/000000000000000000-24.jpg\" data-link=\"http:\/\/elmetidosve.com\/?attachment_id=1375\" class=\"wp-image-1375\" srcset=\"https:\/\/elmetidosv.com\/wp-content\/uploads\/2020\/04\/000000000000000000-24.jpg 360w, https:\/\/elmetidosv.com\/wp-content\/uploads\/2020\/04\/000000000000000000-24-300x200.jpg 300w\" sizes=\"auto, (max-width: 360px) 100vw, 360px\" \/><\/figure><\/li><li class=\"blocks-gallery-item\"><figure><img loading=\"lazy\" decoding=\"async\" width=\"360\" height=\"240\" src=\"http:\/\/elmetidosve.com\/wp-content\/uploads\/2020\/04\/000000000000000-18.jpg\" alt=\"\" data-id=\"1376\" data-full-url=\"http:\/\/elmetidosve.com\/wp-content\/uploads\/2020\/04\/000000000000000-18.jpg\" data-link=\"http:\/\/elmetidosve.com\/?attachment_id=1376\" class=\"wp-image-1376\" srcset=\"https:\/\/elmetidosv.com\/wp-content\/uploads\/2020\/04\/000000000000000-18.jpg 360w, https:\/\/elmetidosv.com\/wp-content\/uploads\/2020\/04\/000000000000000-18-300x200.jpg 300w\" sizes=\"auto, (max-width: 360px) 100vw, 360px\" \/><\/figure><\/li><li class=\"blocks-gallery-item\"><figure><img loading=\"lazy\" decoding=\"async\" width=\"360\" height=\"240\" src=\"http:\/\/elmetidosve.com\/wp-content\/uploads\/2020\/04\/0000000000000-16.jpg\" alt=\"\" data-id=\"1377\" data-full-url=\"http:\/\/elmetidosve.com\/wp-content\/uploads\/2020\/04\/0000000000000-16.jpg\" data-link=\"http:\/\/elmetidosve.com\/?attachment_id=1377\" class=\"wp-image-1377\" srcset=\"https:\/\/elmetidosv.com\/wp-content\/uploads\/2020\/04\/0000000000000-16.jpg 360w, https:\/\/elmetidosv.com\/wp-content\/uploads\/2020\/04\/0000000000000-16-300x200.jpg 300w\" sizes=\"auto, (max-width: 360px) 100vw, 360px\" \/><\/figure><\/li><\/ul><\/figure>\n\n\n\n<p>M\u00e1s de mil personas han sido dadas de alta tras cumplir la respectiva cuarentena en un centro de contenci\u00f3n, comunic\u00f3 la Secretaria de Prensa de la Presidencia.<\/p>\n\n\n\n<p>\u201cM\u00e1s de 1,000 salvadore\u00f1os han sido dados de alta hasta la fecha, cumpliendo debidamente sus respectivas cuarentenas. Otras 4 mil personas contin\u00faan a\u00fan en cerca de un centenar de centros de cuarentena\u201d, informaron en Twitter.<\/p>\n\n\n\n<p>Asimismo, confirmaron que este viernes salieron 99 personas que se encontraban en un centro de cuarentenas ubicado en San Salvador, todos asintom\u00e1ticos, tras un \u00faltimo chequeo m\u00e9dico.<\/p>\n\n\n\n<p>Las autoridades confirmaron que todas las personas a punto de ser dadas de alta, previamente se les realizan pruebas m\u00e9dicas para confirmar que no tengan el virus.<\/p>\n\n\n\n<p>Todas las personas sometidas a cuarentena son trasladadas hasta sus casas, en esta ocasi\u00f3n un un grupo se dirig\u00eda al occidente, otro al oriente y el \u00faltimo a la zona norte del pa\u00eds.<\/p>\n\n\n\n<p><\/p>\n","protected":false},"excerpt":{"rendered":"<p>M\u00e1s de mil personas han sido dadas de alta tras cumplir la respectiva cuarentena en un centro de contenci\u00f3n, comunic\u00f3<\/p>\n","protected":false},"author":1,"featured_media":1374,"comment_status":"open","ping_status":"open","sticky":false,"template":"","format":"standard","meta":{"colormag_page_container_layout":"default_layout","colormag_page_sidebar_layout":"default_layout","footnotes":""},"categories":[1],"tags":[],"class_list":["post-1373","post","type-post","status-publish","format-standard","has-post-thumbnail","hentry","category-nacional"],"_links":{"self":[{"href":"https:\/\/elmetidosv.com\/index.php?rest_route=\/wp\/v2\/posts\/1373","targetHints":{"allow":["GET"]}}],"collection":[{"href":"https:\/\/elmetidosv.com\/index.php?rest_route=\/wp\/v2\/posts"}],"about":[{"href":"https:\/\/elmetidosv.com\/index.php?rest_route=\/wp\/v2\/types\/post"}],"author":[{"embeddable":true,"href":"https:\/\/elmetidosv.com\/index.php?rest_route=\/wp\/v2\/users\/1"}],"replies":[{"embeddable":true,"href":"https:\/\/elmetidosv.com\/index.php?rest_route=%2Fwp%2Fv2%2Fcomments&post=1373"}],"version-history":[{"count":1,"href":"https:\/\/elmetidosv.com\/index.php?rest_route=\/wp\/v2\/posts\/1373\/revisions"}],"predecessor-version":[{"id":1378,"href":"https:\/\/elmetidosv.com\/index.php?rest_route=\/wp\/v2\/posts\/1373\/revisions\/1378"}],"wp:featuredmedia":[{"embeddable":true,"href":"https:\/\/elmetidosv.com\/index.php?rest_route=\/wp\/v2\/media\/1374"}],"wp:attachment":[{"href":"https:\/\/elmetidosv.com\/index.php?rest_route=%2Fwp%2Fv2%2Fmedia&parent=1373"}],"wp:term":[{"taxonomy":"category","embeddable":true,"href":"https:\/\/elmetidosv.com\/index.php?rest_route=%2Fwp%2Fv2%2Fcategories&post=1373"},{"taxonomy":"post_tag","embeddable":true,"href":"https:\/\/elmetidosv.com\/index.php?rest_route=%2Fwp%2Fv2%2Ftags&post=1373"}],"curies":[{"name":"wp","href":"https:\/\/api.w.org\/{rel}","templated":true}]}}