{"id":13708,"date":"2021-03-24T18:25:26","date_gmt":"2021-03-25T00:25:26","guid":{"rendered":"http:\/\/elmetidosve.com\/?p=13708"},"modified":"2021-03-24T18:25:34","modified_gmt":"2021-03-25T00:25:34","slug":"duque-anuncia-toque-de-queda-durante-semana-santa-para-ciudades-en-colombia-con-alta-ocupacion-de-uci","status":"publish","type":"post","link":"https:\/\/elmetidosv.com\/?p=13708","title":{"rendered":"Duque anuncia toque de queda durante Semana Santa para ciudades en Colombia con alta ocupaci\u00f3n de UCI"},"content":{"rendered":"\n<p>El presidente de Colombia, Iv\u00e1n Duque, anunci\u00f3 este martes varias medidas de prevenci\u00f3n contra el covid-19, como toque de queda, que se aplicar\u00e1n durante los pr\u00f3ximos d\u00edas, incluyendo Semana Santa, en municipios donde la ocupaci\u00f3n de camas UCI est\u00e9 por encima del 50% y 70%.<\/p>\n\n\n\n<p>\u00abPico y c\u00e9dula en aquellos municipios donde la ocupaci\u00f3n de UCI est\u00e9 por encima del 70%. Esta medida es preventiva y necesaria para nosotros no vivir en las pr\u00f3ximas semanas del mes de abril o el mes de mayo un tercer pico severo\u00bb, dijo el mandatario desde Bogot\u00e1.<\/p>\n\n\n\n<p>Pico y c\u00e9dula es la restricci\u00f3n de desplazamiento de la poblaci\u00f3n determinada por la fecha y el \u00faltimo d\u00edgito de la c\u00e9dula de identificaci\u00f3n.<\/p>\n\n\n\n<p>Duque indic\u00f3 que se aplicar\u00e1n restricciones de movilidad desde las 10:00 p.m. hasta las 5:00 a.m. en los municipios donde la ocupaci\u00f3n de las UCI est\u00e9 por encima del 70%. Mientras que en los lugares con el 50% de ocupaci\u00f3n, las restricciones ir\u00e1n de 12:00 a.m. a 5:00 a.m.<\/p>\n\n\n\n<p>Las medidas estar\u00e1n vigentes del 26 al 29 de marzo y del 31 de marzo al 5 de abril, explic\u00f3 el mandatario.<\/p>\n\n\n\n<p>\u00abEstas son medidas de car\u00e1cter preventivo, son necesarias. Y nos permiten tambi\u00e9n no sacrificar el avance en la reactivaci\u00f3n del pa\u00eds, pero tomar medidas que nos permitan no ver en las pr\u00f3ximas semanas un aumento dram\u00e1tico en la ocupaci\u00f3n de las UCI\u00bb, insisti\u00f3.<\/p>\n\n\n\n<p>Seg\u00fan la p\u00e1gina de Ministerio de Salud de Colombia, hasta el 22 de marzo, Cali tiene el 77% de sus camas UCI ocupadas; Bogot\u00e1 el 59%; y Medell\u00edn el 75%.<\/p>\n","protected":false},"excerpt":{"rendered":"<p>El presidente de Colombia, Iv\u00e1n Duque, anunci\u00f3 este martes varias medidas de prevenci\u00f3n contra el covid-19, como toque de queda,<\/p>\n","protected":false},"author":2,"featured_media":13709,"comment_status":"open","ping_status":"open","sticky":false,"template":"","format":"standard","meta":{"colormag_page_container_layout":"default_layout","colormag_page_sidebar_layout":"default_layout","footnotes":""},"categories":[3],"tags":[],"class_list":["post-13708","post","type-post","status-publish","format-standard","has-post-thumbnail","hentry","category-internacional"],"_links":{"self":[{"href":"https:\/\/elmetidosv.com\/index.php?rest_route=\/wp\/v2\/posts\/13708","targetHints":{"allow":["GET"]}}],"collection":[{"href":"https:\/\/elmetidosv.com\/index.php?rest_route=\/wp\/v2\/posts"}],"about":[{"href":"https:\/\/elmetidosv.com\/index.php?rest_route=\/wp\/v2\/types\/post"}],"author":[{"embeddable":true,"href":"https:\/\/elmetidosv.com\/index.php?rest_route=\/wp\/v2\/users\/2"}],"replies":[{"embeddable":true,"href":"https:\/\/elmetidosv.com\/index.php?rest_route=%2Fwp%2Fv2%2Fcomments&post=13708"}],"version-history":[{"count":1,"href":"https:\/\/elmetidosv.com\/index.php?rest_route=\/wp\/v2\/posts\/13708\/revisions"}],"predecessor-version":[{"id":13710,"href":"https:\/\/elmetidosv.com\/index.php?rest_route=\/wp\/v2\/posts\/13708\/revisions\/13710"}],"wp:featuredmedia":[{"embeddable":true,"href":"https:\/\/elmetidosv.com\/index.php?rest_route=\/wp\/v2\/media\/13709"}],"wp:attachment":[{"href":"https:\/\/elmetidosv.com\/index.php?rest_route=%2Fwp%2Fv2%2Fmedia&parent=13708"}],"wp:term":[{"taxonomy":"category","embeddable":true,"href":"https:\/\/elmetidosv.com\/index.php?rest_route=%2Fwp%2Fv2%2Fcategories&post=13708"},{"taxonomy":"post_tag","embeddable":true,"href":"https:\/\/elmetidosv.com\/index.php?rest_route=%2Fwp%2Fv2%2Ftags&post=13708"}],"curies":[{"name":"wp","href":"https:\/\/api.w.org\/{rel}","templated":true}]}}