{"id":13705,"date":"2021-03-24T18:17:47","date_gmt":"2021-03-25T00:17:47","guid":{"rendered":"http:\/\/elmetidosve.com\/?p=13705"},"modified":"2021-03-24T18:17:53","modified_gmt":"2021-03-25T00:17:53","slug":"el-vaticano-recortara-los-sueldos-de-los-cardenales","status":"publish","type":"post","link":"https:\/\/elmetidosv.com\/?p=13705","title":{"rendered":"El Vaticano recortar\u00e1 los sueldos de los cardenales"},"content":{"rendered":"\n<p>El papa Francisco ha decidido recortar los salarios de los cardenales y otros miembros del clero para contener los gastos del Estado, dijo el Vaticano en un comunicado el mi\u00e9rcoles.<br><\/p>\n\n\n\n<p>El recorte salarial del 10% entrar\u00e1 en vigor a partir del 1 de abril.<\/p>\n\n\n\n<p>El Vaticano dice que los recortes eran necesarios, debido al \u00abd\u00e9ficit que ha caracterizado la gesti\u00f3n econ\u00f3mica de la Santa Sede durante los \u00faltimos a\u00f1os\u00bb. Adem\u00e1s, las finanzas del Vaticano empeoraron con la emergencia sanitaria del covid-19, \u00abque afect\u00f3 negativamente a todas las fuentes de ingresos\u00bb.<\/p>\n\n\n\n<p>Seg\u00fan el comunicado, otros superiores religiosos ver\u00e1n recortado su salario en un 8%, tambi\u00e9n a partir de abril. El resto del personal religioso y eclesi\u00e1stico ver\u00e1 reducido su salario en un 3%.<\/p>\n\n\n\n<p>\u00abUn futuro econ\u00f3mico sostenible\u00bb requiere estas medidas, agrega el comunicado, tambi\u00e9n para \u00absalvaguardar los puestos de trabajo actuales\u00bb.<\/p>\n","protected":false},"excerpt":{"rendered":"<p>El papa Francisco ha decidido recortar los salarios de los cardenales y otros miembros del clero para contener los gastos<\/p>\n","protected":false},"author":2,"featured_media":13706,"comment_status":"open","ping_status":"open","sticky":false,"template":"","format":"standard","meta":{"colormag_page_container_layout":"default_layout","colormag_page_sidebar_layout":"default_layout","footnotes":""},"categories":[3],"tags":[],"class_list":["post-13705","post","type-post","status-publish","format-standard","has-post-thumbnail","hentry","category-internacional"],"_links":{"self":[{"href":"https:\/\/elmetidosv.com\/index.php?rest_route=\/wp\/v2\/posts\/13705","targetHints":{"allow":["GET"]}}],"collection":[{"href":"https:\/\/elmetidosv.com\/index.php?rest_route=\/wp\/v2\/posts"}],"about":[{"href":"https:\/\/elmetidosv.com\/index.php?rest_route=\/wp\/v2\/types\/post"}],"author":[{"embeddable":true,"href":"https:\/\/elmetidosv.com\/index.php?rest_route=\/wp\/v2\/users\/2"}],"replies":[{"embeddable":true,"href":"https:\/\/elmetidosv.com\/index.php?rest_route=%2Fwp%2Fv2%2Fcomments&post=13705"}],"version-history":[{"count":1,"href":"https:\/\/elmetidosv.com\/index.php?rest_route=\/wp\/v2\/posts\/13705\/revisions"}],"predecessor-version":[{"id":13707,"href":"https:\/\/elmetidosv.com\/index.php?rest_route=\/wp\/v2\/posts\/13705\/revisions\/13707"}],"wp:featuredmedia":[{"embeddable":true,"href":"https:\/\/elmetidosv.com\/index.php?rest_route=\/wp\/v2\/media\/13706"}],"wp:attachment":[{"href":"https:\/\/elmetidosv.com\/index.php?rest_route=%2Fwp%2Fv2%2Fmedia&parent=13705"}],"wp:term":[{"taxonomy":"category","embeddable":true,"href":"https:\/\/elmetidosv.com\/index.php?rest_route=%2Fwp%2Fv2%2Fcategories&post=13705"},{"taxonomy":"post_tag","embeddable":true,"href":"https:\/\/elmetidosv.com\/index.php?rest_route=%2Fwp%2Fv2%2Ftags&post=13705"}],"curies":[{"name":"wp","href":"https:\/\/api.w.org\/{rel}","templated":true}]}}