{"id":13696,"date":"2021-03-24T18:01:19","date_gmt":"2021-03-25T00:01:19","guid":{"rendered":"http:\/\/elmetidosve.com\/?p=13696"},"modified":"2021-03-24T18:01:27","modified_gmt":"2021-03-25T00:01:27","slug":"lenin-moreno-culpa-a-su-ministro-de-salud-por-no-tener-un-plan-de-vacunacion-contra-el-covid-19","status":"publish","type":"post","link":"https:\/\/elmetidosv.com\/?p=13696","title":{"rendered":"Len\u00edn Moreno culpa a su ministro de Salud por no tener un plan de vacunaci\u00f3n contra el covid-19"},"content":{"rendered":"\n<p>El presidente de Ecuador, Len\u00edn Moreno, admiti\u00f3 que su Gobierno no tiene un plan de vacunaci\u00f3n estructurado contra el covid-19. \u201cEl ministro trabaj\u00f3 todo el fin de semana, sin descanso, sin descanso para poder producir un plan. Nosotros pens\u00e1bamos que exist\u00eda porque m\u00e1s de una ocasi\u00f3n se lo manifest\u00f3 en los medios de comunicaci\u00f3n, pero que seguramente estaba \u00fanicamente en la cabeza del se\u00f1or ministro\u201d, admiti\u00f3 Moreno.<br><\/p>\n","protected":false},"excerpt":{"rendered":"<p>El presidente de Ecuador, Len\u00edn Moreno, admiti\u00f3 que su Gobierno no tiene un plan de vacunaci\u00f3n estructurado contra el covid-19.<\/p>\n","protected":false},"author":2,"featured_media":13697,"comment_status":"open","ping_status":"open","sticky":false,"template":"","format":"standard","meta":{"colormag_page_container_layout":"default_layout","colormag_page_sidebar_layout":"default_layout","footnotes":""},"categories":[3],"tags":[],"class_list":["post-13696","post","type-post","status-publish","format-standard","has-post-thumbnail","hentry","category-internacional"],"_links":{"self":[{"href":"https:\/\/elmetidosv.com\/index.php?rest_route=\/wp\/v2\/posts\/13696","targetHints":{"allow":["GET"]}}],"collection":[{"href":"https:\/\/elmetidosv.com\/index.php?rest_route=\/wp\/v2\/posts"}],"about":[{"href":"https:\/\/elmetidosv.com\/index.php?rest_route=\/wp\/v2\/types\/post"}],"author":[{"embeddable":true,"href":"https:\/\/elmetidosv.com\/index.php?rest_route=\/wp\/v2\/users\/2"}],"replies":[{"embeddable":true,"href":"https:\/\/elmetidosv.com\/index.php?rest_route=%2Fwp%2Fv2%2Fcomments&post=13696"}],"version-history":[{"count":1,"href":"https:\/\/elmetidosv.com\/index.php?rest_route=\/wp\/v2\/posts\/13696\/revisions"}],"predecessor-version":[{"id":13698,"href":"https:\/\/elmetidosv.com\/index.php?rest_route=\/wp\/v2\/posts\/13696\/revisions\/13698"}],"wp:featuredmedia":[{"embeddable":true,"href":"https:\/\/elmetidosv.com\/index.php?rest_route=\/wp\/v2\/media\/13697"}],"wp:attachment":[{"href":"https:\/\/elmetidosv.com\/index.php?rest_route=%2Fwp%2Fv2%2Fmedia&parent=13696"}],"wp:term":[{"taxonomy":"category","embeddable":true,"href":"https:\/\/elmetidosv.com\/index.php?rest_route=%2Fwp%2Fv2%2Fcategories&post=13696"},{"taxonomy":"post_tag","embeddable":true,"href":"https:\/\/elmetidosv.com\/index.php?rest_route=%2Fwp%2Fv2%2Ftags&post=13696"}],"curies":[{"name":"wp","href":"https:\/\/api.w.org\/{rel}","templated":true}]}}