{"id":13693,"date":"2021-03-24T18:04:51","date_gmt":"2021-03-25T00:04:51","guid":{"rendered":"http:\/\/elmetidosve.com\/?p=13693"},"modified":"2021-03-24T18:04:59","modified_gmt":"2021-03-25T00:04:59","slug":"gobierno-continua-inmunizando-contra-el-covid-19-a-policias-militares-y-bomberos","status":"publish","type":"post","link":"https:\/\/elmetidosv.com\/?p=13693","title":{"rendered":"Gobierno contin\u00faa inmunizando contra el COVID-19 a polic\u00edas, militares y bomberos"},"content":{"rendered":"\n<figure class=\"wp-block-gallery columns-2 is-cropped wp-block-gallery-1 is-layout-flex wp-block-gallery-is-layout-flex\"><ul class=\"blocks-gallery-grid\"><li class=\"blocks-gallery-item\"><figure><img loading=\"lazy\" decoding=\"async\" width=\"1024\" height=\"693\" src=\"http:\/\/elmetidosve.com\/wp-content\/uploads\/2021\/03\/0000-99-1024x693.jpg\" alt=\"\" data-id=\"13694\" data-full-url=\"http:\/\/elmetidosve.com\/wp-content\/uploads\/2021\/03\/0000-99.jpg\" data-link=\"http:\/\/elmetidosve.com\/?attachment_id=13694\" class=\"wp-image-13694\" srcset=\"https:\/\/elmetidosv.com\/wp-content\/uploads\/2021\/03\/0000-99-1024x693.jpg 1024w, https:\/\/elmetidosv.com\/wp-content\/uploads\/2021\/03\/0000-99-300x203.jpg 300w, https:\/\/elmetidosv.com\/wp-content\/uploads\/2021\/03\/0000-99-768x520.jpg 768w, https:\/\/elmetidosv.com\/wp-content\/uploads\/2021\/03\/0000-99.jpg 1280w\" sizes=\"auto, (max-width: 1024px) 100vw, 1024px\" \/><\/figure><\/li><li class=\"blocks-gallery-item\"><figure><img loading=\"lazy\" decoding=\"async\" width=\"1024\" height=\"682\" src=\"http:\/\/elmetidosve.com\/wp-content\/uploads\/2021\/03\/000-56-1024x682.jpg\" alt=\"\" data-id=\"13695\" data-full-url=\"http:\/\/elmetidosve.com\/wp-content\/uploads\/2021\/03\/000-56.jpg\" data-link=\"http:\/\/elmetidosve.com\/?attachment_id=13695\" class=\"wp-image-13695\" srcset=\"https:\/\/elmetidosv.com\/wp-content\/uploads\/2021\/03\/000-56-1024x682.jpg 1024w, https:\/\/elmetidosv.com\/wp-content\/uploads\/2021\/03\/000-56-300x200.jpg 300w, https:\/\/elmetidosv.com\/wp-content\/uploads\/2021\/03\/000-56-768x512.jpg 768w, https:\/\/elmetidosv.com\/wp-content\/uploads\/2021\/03\/000-56.jpg 1280w\" sizes=\"auto, (max-width: 1024px) 100vw, 1024px\" \/><\/figure><\/li><\/ul><\/figure>\n\n\n\n<p>El gobierno del presidente de la Rep\u00fablica, Nayib Bukele, a trav\u00e9s del Ministerio de Salud, continu\u00f3 este mi\u00e9rcoles inmunizando contra el COVID-19 al personal no m\u00e9dico que ha combatido en primera l\u00ednea a la pandemia.<\/p>\n\n\n\n<p>El programa de vacunaci\u00f3n es una estrategia completa dise\u00f1ada e implementada de forma articulada por diferentes instituciones del Gobierno del Presidente Bukele con la que se busca agilizar el proceso de protecci\u00f3n de los salvadore\u00f1os ante el coronavirus, lo que se suma a las distintas acciones exitosas en esa direcci\u00f3n.<\/p>\n\n\n\n<p>Los agentes de la PNC y soldados de la Fuerza Armada se han mantenido en primera l\u00ednea durante la emergencia por la pandemia. Se ubicaron en los pasos fronterizos no habilitados para evitar el ingreso de personas contagiadas y apoyaron la entrega de paquetes alimentarios y agr\u00edcolas en beneficio del pueblo salvadore\u00f1o.<\/p>\n\n\n\n<p>Tambi\u00e9n, los polic\u00edas y militares han brindado seguridad a la distribuci\u00f3n de las computadoras por parte del Ministerio de Educaci\u00f3n y de las vacunas en distintos puntos del pa\u00eds. El Gobierno sigue dignificando a este personal que protege la integridad f\u00edsica de los salvadore\u00f1os, incluso a costa de su propia vida.<\/p>\n","protected":false},"excerpt":{"rendered":"<p>El gobierno del presidente de la Rep\u00fablica, Nayib Bukele, a trav\u00e9s del Ministerio de Salud, continu\u00f3 este mi\u00e9rcoles inmunizando contra<\/p>\n","protected":false},"author":2,"featured_media":13699,"comment_status":"open","ping_status":"open","sticky":false,"template":"","format":"standard","meta":{"colormag_page_container_layout":"default_layout","colormag_page_sidebar_layout":"default_layout","footnotes":""},"categories":[1],"tags":[],"class_list":["post-13693","post","type-post","status-publish","format-standard","has-post-thumbnail","hentry","category-nacional"],"_links":{"self":[{"href":"https:\/\/elmetidosv.com\/index.php?rest_route=\/wp\/v2\/posts\/13693","targetHints":{"allow":["GET"]}}],"collection":[{"href":"https:\/\/elmetidosv.com\/index.php?rest_route=\/wp\/v2\/posts"}],"about":[{"href":"https:\/\/elmetidosv.com\/index.php?rest_route=\/wp\/v2\/types\/post"}],"author":[{"embeddable":true,"href":"https:\/\/elmetidosv.com\/index.php?rest_route=\/wp\/v2\/users\/2"}],"replies":[{"embeddable":true,"href":"https:\/\/elmetidosv.com\/index.php?rest_route=%2Fwp%2Fv2%2Fcomments&post=13693"}],"version-history":[{"count":1,"href":"https:\/\/elmetidosv.com\/index.php?rest_route=\/wp\/v2\/posts\/13693\/revisions"}],"predecessor-version":[{"id":13700,"href":"https:\/\/elmetidosv.com\/index.php?rest_route=\/wp\/v2\/posts\/13693\/revisions\/13700"}],"wp:featuredmedia":[{"embeddable":true,"href":"https:\/\/elmetidosv.com\/index.php?rest_route=\/wp\/v2\/media\/13699"}],"wp:attachment":[{"href":"https:\/\/elmetidosv.com\/index.php?rest_route=%2Fwp%2Fv2%2Fmedia&parent=13693"}],"wp:term":[{"taxonomy":"category","embeddable":true,"href":"https:\/\/elmetidosv.com\/index.php?rest_route=%2Fwp%2Fv2%2Fcategories&post=13693"},{"taxonomy":"post_tag","embeddable":true,"href":"https:\/\/elmetidosv.com\/index.php?rest_route=%2Fwp%2Fv2%2Ftags&post=13693"}],"curies":[{"name":"wp","href":"https:\/\/api.w.org\/{rel}","templated":true}]}}