{"id":13639,"date":"2021-03-21T16:35:55","date_gmt":"2021-03-21T22:35:55","guid":{"rendered":"http:\/\/elmetidosve.com\/?p=13639"},"modified":"2021-03-21T16:36:02","modified_gmt":"2021-03-21T22:36:02","slug":"islandia-reporta-que-un-volcan-entro-en-erupcion-cerca-de-la-capital-reikiavik","status":"publish","type":"post","link":"https:\/\/elmetidosv.com\/?p=13639","title":{"rendered":"Islandia reporta que un volc\u00e1n entr\u00f3 en erupci\u00f3n cerca de la capital, Reikiavik"},"content":{"rendered":"\n<p>Un volc\u00e1n entr\u00f3 en erupci\u00f3n en la pen\u00ednsula islandesa de Reykjanes, ubicada en el suroeste del pa\u00eds, inform\u00f3 este viernes en Twitter la Oficina Meteorol\u00f3gica de Islandia (IMO, por sus siglas en ingl\u00e9s).<\/p>\n\n\n\n<p>\u00abComenz\u00f3 una erupci\u00f3n volc\u00e1nica en Fagradalsfjall. El c\u00f3digo de color del vuelo es rojo, pero se observan muy pocas turbulencias en los sism\u00f3metros\u00bb, tuite\u00f3 la oficina.<\/p>\n\n\n\n<p>El Departamento de Protecci\u00f3n Civil y Gesti\u00f3n de Emergencias de Islandia inst\u00f3 a los ciudadanos que viven varios kil\u00f3metros a la redonda del volc\u00e1n a cerrar las ventanas y permanecer puertas adentro para evitar los efectos del gas volc\u00e1nico en el aire.<\/p>\n\n\n\n<p>\u00abSe espera que la contaminaci\u00f3n por gas volc\u00e1nico se extienda hasta \u00deorl\u00e1ksh\u00f6fn y que contin\u00fae durante la noche. Se pide a la gente que cierre las ventanas y permanezca en el interior. Se est\u00e1 evaluando el estado y la cantidad de emisiones de SO2 de la erupci\u00f3n\u00bb, tuite\u00f3 la agencia a \u00faltima hora del viernes.<\/p>\n\n\n\n<p>Previamente, el departamento hab\u00eda solicitado a la poblaci\u00f3n evitar la autopista Reykjanesbraut en la pen\u00ednsula de Reykjanes. La autopista conecta la gran Reikiavik con el Aeropuerto Internacional de Keflav\u00edk.<\/p>\n\n\n\n<p>\u00abPedimos a la gente que mantenga la calma y que bajo ninguna circunstancia se acerque al lugar de la erupci\u00f3n o a Reykjanesbraut\u00bb, tuite\u00f3 la agencia el viernes por la noche.<\/p>\n\n\n\n<p>\u00abLos socorristas deben poder circular libremente para evaluar la situaci\u00f3n. Los cient\u00edficos est\u00e1n trabajando en evaluar la erupci\u00f3n\u00bb, agreg\u00f3.<\/p>\n\n\n\n<p>La erupci\u00f3n se produce despu\u00e9s de semanas de un aumento de la\u00a0actividad s\u00edsmica\u00a0en la pen\u00ednsula. Solo en la ma\u00f1ana del jueves se detectaron unos 400 terremotos en la regi\u00f3n, seg\u00fan la IMO.<\/p>\n\n\n\n<p>\u00abEs una actividad s\u00edsmica algo menor en comparaci\u00f3n con las ma\u00f1anas anteriores, en las que las cifras han rondado los 1.000 terremotos\u00bb, a\u00f1adi\u00f3 la OMI en un tuit el jueves.<\/p>\n\n\n\n<p>La oficina\u00a0inform\u00f3\u00a0el viernes a la noche que \u00abla erupci\u00f3n se considera peque\u00f1a en esta etapa\u00bb.<\/p>\n\n\n\n<p>Seg\u00fan IMO, la erupci\u00f3n volc\u00e1nica se considera peque\u00f1a en esta etapa: la fisura eruptiva tiene aproximadamente 500 metros de largo y el \u00e1rea de magma es de aproximadamente un kil\u00f3metro cuadrado.<\/p>\n","protected":false},"excerpt":{"rendered":"<p>Un volc\u00e1n entr\u00f3 en erupci\u00f3n en la pen\u00ednsula islandesa de Reykjanes, ubicada en el suroeste del pa\u00eds, inform\u00f3 este viernes<\/p>\n","protected":false},"author":2,"featured_media":13640,"comment_status":"open","ping_status":"open","sticky":false,"template":"","format":"standard","meta":{"colormag_page_container_layout":"default_layout","colormag_page_sidebar_layout":"default_layout","footnotes":""},"categories":[3],"tags":[],"class_list":["post-13639","post","type-post","status-publish","format-standard","has-post-thumbnail","hentry","category-internacional"],"_links":{"self":[{"href":"https:\/\/elmetidosv.com\/index.php?rest_route=\/wp\/v2\/posts\/13639","targetHints":{"allow":["GET"]}}],"collection":[{"href":"https:\/\/elmetidosv.com\/index.php?rest_route=\/wp\/v2\/posts"}],"about":[{"href":"https:\/\/elmetidosv.com\/index.php?rest_route=\/wp\/v2\/types\/post"}],"author":[{"embeddable":true,"href":"https:\/\/elmetidosv.com\/index.php?rest_route=\/wp\/v2\/users\/2"}],"replies":[{"embeddable":true,"href":"https:\/\/elmetidosv.com\/index.php?rest_route=%2Fwp%2Fv2%2Fcomments&post=13639"}],"version-history":[{"count":1,"href":"https:\/\/elmetidosv.com\/index.php?rest_route=\/wp\/v2\/posts\/13639\/revisions"}],"predecessor-version":[{"id":13641,"href":"https:\/\/elmetidosv.com\/index.php?rest_route=\/wp\/v2\/posts\/13639\/revisions\/13641"}],"wp:featuredmedia":[{"embeddable":true,"href":"https:\/\/elmetidosv.com\/index.php?rest_route=\/wp\/v2\/media\/13640"}],"wp:attachment":[{"href":"https:\/\/elmetidosv.com\/index.php?rest_route=%2Fwp%2Fv2%2Fmedia&parent=13639"}],"wp:term":[{"taxonomy":"category","embeddable":true,"href":"https:\/\/elmetidosv.com\/index.php?rest_route=%2Fwp%2Fv2%2Fcategories&post=13639"},{"taxonomy":"post_tag","embeddable":true,"href":"https:\/\/elmetidosv.com\/index.php?rest_route=%2Fwp%2Fv2%2Ftags&post=13639"}],"curies":[{"name":"wp","href":"https:\/\/api.w.org\/{rel}","templated":true}]}}