{"id":13628,"date":"2021-03-20T14:54:23","date_gmt":"2021-03-20T20:54:23","guid":{"rendered":"http:\/\/elmetidosve.com\/?p=13628"},"modified":"2021-03-20T14:54:32","modified_gmt":"2021-03-20T20:54:32","slug":"salud-realizo-pruebas-de-covid-19-en-la-ciudad-de-san-miguel","status":"publish","type":"post","link":"https:\/\/elmetidosv.com\/?p=13628","title":{"rendered":"Salud realizo pruebas de COVID-19 en la ciudad de San Miguel"},"content":{"rendered":"\n<p>El Gobierno del Presidente Nayib Bukele sigue, d\u00eda con d\u00eda, con la b\u00fasqueda activa de casos de COVID-19 en todo el territorio salvadore\u00f1o, como parte de las acciones para detener el avance del virus y mantener controlada la situaci\u00f3n de la pandemia en el pa\u00eds.<\/p>\n\n\n\n<p>Paralelo a la estrategia de vacunaci\u00f3n, que inici\u00f3 el pasado 17 de febrero, con la llegada del primer lote de vacunas que el Gobierno adquiri\u00f3 directamente a la farmac\u00e9utica AstraZeneca, el tamizaje comunitario es una de las principales herramientas que permite identificar los casos para brindar un tratamiento oportuno a los pacientes positivos.<\/p>\n\n\n\n<p>Este s\u00e1bado, el personal del Ministerio de Salud junto al Equipo Interdisciplinario de Contenci\u00f3n Epidemiol\u00f3gica (EICEES) instal\u00f3 cabinas de diagn\u00f3stico de COVID-19 para realizar pruebas a la poblaci\u00f3n de manera gratuita en diferentes puntos de la ciudad de San Miguel.<\/p>\n\n\n\n<p>En total, ser\u00e1n 1,000 pruebas las que se estar\u00e1n realizando en todo el municipio, para lo que ha sido necesario movilizar m\u00e1s de 10 cabinas para atender a las personas que decidan someterse a dicha prueba.<\/p>\n\n\n\n<p>Las autoridades detallaron que el tipo de prueba que se hace es la de Polimerasa Reactiva en Cadena (PCR, por sus siglas en ingl\u00e9s) que tiene un 99.99% de confiabilidad.<\/p>\n\n\n\n<p>La toma de la muestra se hace a trav\u00e9s de un hisopado nasal y garganta, posteriormente se toman los datos personales, para contactar por medio de llamada telef\u00f3nica o correo electr\u00f3nico en caso de dar positivo a COVID-19.<\/p>\n\n\n\n<p>La toma de muestra se est\u00e1 llevando a cabo en: Metrocentro San Miguel,Parque Guzm\u00e1n, frente a la alcald\u00eda y en la salida a la Coquera, contiguo a parqueo de Pizza Hut.<\/p>\n","protected":false},"excerpt":{"rendered":"<p>El Gobierno del Presidente Nayib Bukele sigue, d\u00eda con d\u00eda, con la b\u00fasqueda activa de casos de COVID-19 en todo<\/p>\n","protected":false},"author":2,"featured_media":13629,"comment_status":"open","ping_status":"open","sticky":false,"template":"","format":"standard","meta":{"colormag_page_container_layout":"default_layout","colormag_page_sidebar_layout":"default_layout","footnotes":""},"categories":[1],"tags":[],"class_list":["post-13628","post","type-post","status-publish","format-standard","has-post-thumbnail","hentry","category-nacional"],"_links":{"self":[{"href":"https:\/\/elmetidosv.com\/index.php?rest_route=\/wp\/v2\/posts\/13628","targetHints":{"allow":["GET"]}}],"collection":[{"href":"https:\/\/elmetidosv.com\/index.php?rest_route=\/wp\/v2\/posts"}],"about":[{"href":"https:\/\/elmetidosv.com\/index.php?rest_route=\/wp\/v2\/types\/post"}],"author":[{"embeddable":true,"href":"https:\/\/elmetidosv.com\/index.php?rest_route=\/wp\/v2\/users\/2"}],"replies":[{"embeddable":true,"href":"https:\/\/elmetidosv.com\/index.php?rest_route=%2Fwp%2Fv2%2Fcomments&post=13628"}],"version-history":[{"count":1,"href":"https:\/\/elmetidosv.com\/index.php?rest_route=\/wp\/v2\/posts\/13628\/revisions"}],"predecessor-version":[{"id":13630,"href":"https:\/\/elmetidosv.com\/index.php?rest_route=\/wp\/v2\/posts\/13628\/revisions\/13630"}],"wp:featuredmedia":[{"embeddable":true,"href":"https:\/\/elmetidosv.com\/index.php?rest_route=\/wp\/v2\/media\/13629"}],"wp:attachment":[{"href":"https:\/\/elmetidosv.com\/index.php?rest_route=%2Fwp%2Fv2%2Fmedia&parent=13628"}],"wp:term":[{"taxonomy":"category","embeddable":true,"href":"https:\/\/elmetidosv.com\/index.php?rest_route=%2Fwp%2Fv2%2Fcategories&post=13628"},{"taxonomy":"post_tag","embeddable":true,"href":"https:\/\/elmetidosv.com\/index.php?rest_route=%2Fwp%2Fv2%2Ftags&post=13628"}],"curies":[{"name":"wp","href":"https:\/\/api.w.org\/{rel}","templated":true}]}}