{"id":13493,"date":"2021-03-16T16:53:42","date_gmt":"2021-03-16T22:53:42","guid":{"rendered":"http:\/\/elmetidosve.com\/?p=13493"},"modified":"2021-03-16T16:53:50","modified_gmt":"2021-03-16T22:53:50","slug":"venezuela-no-aprobara-el-uso-de-la-vacuna-astrazeneca-contra-el-covid-19","status":"publish","type":"post","link":"https:\/\/elmetidosv.com\/?p=13493","title":{"rendered":"Venezuela no aprobar\u00e1 el uso de la vacuna AstraZeneca contra el covid-19"},"content":{"rendered":"\n<p>Venezuela no aprobar\u00e1 el uso de la vacuna AstraZeneca contra el covid-19, anunci\u00f3 este lunes la vicepresidenta del pa\u00eds, Delcy Rodr\u00edguez, citando \u00abcomplicaciones de lo que les ha ocurrido a quienes han sido vacunados\u00bb con ella.<br><\/p>\n\n\n\n<p>Dijo que el presidente Nicol\u00e1s Maduro no otorgar\u00eda una licencia para el uso de la vacuna en el pa\u00eds.<\/p>\n\n\n\n<p>Esto se debe a que una larga lista de pa\u00edses europeos ha suspendido el uso de la vacuna por preocupaciones sobre los co\u00e1gulos sangu\u00edneos. Sin embargo, la OMS hizo un llamamiento a los pa\u00edses para que mantuvieran las campa\u00f1as de vacunaci\u00f3n y dijeron que no hab\u00eda evidencia de que las vacunas causaran problemas de coagulaci\u00f3n.<\/p>\n\n\n\n<p>Se espera que Venezuela reciba m\u00e1s de 1,4 millones de dosis de la vacuna AstraZeneca a trav\u00e9s de la instalaci\u00f3n de Covax, pero su env\u00edo depende de los pagos del pa\u00eds al programa, dijeron funcionarios de la OPS durante las \u00faltimas semanas.<\/p>\n\n\n\n<p>El pa\u00eds anunci\u00f3 que aprob\u00f3 el uso de la vacuna Sinopharm de China a principios de mes y recibi\u00f3 medio mill\u00f3n de dosis de China. A principios de febrero, Venezuela recibi\u00f3 100.000 dosis de la vacuna rusa Sputnik V.<\/p>\n\n\n\n<p><a href=\"https:\/\/www.outbrain.com\/what-is\/default\/en\"><\/a><br><\/p>\n","protected":false},"excerpt":{"rendered":"<p>Venezuela no aprobar\u00e1 el uso de la vacuna AstraZeneca contra el covid-19, anunci\u00f3 este lunes la vicepresidenta del pa\u00eds, Delcy<\/p>\n","protected":false},"author":2,"featured_media":13494,"comment_status":"open","ping_status":"open","sticky":false,"template":"","format":"standard","meta":{"colormag_page_container_layout":"default_layout","colormag_page_sidebar_layout":"default_layout","footnotes":""},"categories":[3],"tags":[],"class_list":["post-13493","post","type-post","status-publish","format-standard","has-post-thumbnail","hentry","category-internacional"],"_links":{"self":[{"href":"https:\/\/elmetidosv.com\/index.php?rest_route=\/wp\/v2\/posts\/13493","targetHints":{"allow":["GET"]}}],"collection":[{"href":"https:\/\/elmetidosv.com\/index.php?rest_route=\/wp\/v2\/posts"}],"about":[{"href":"https:\/\/elmetidosv.com\/index.php?rest_route=\/wp\/v2\/types\/post"}],"author":[{"embeddable":true,"href":"https:\/\/elmetidosv.com\/index.php?rest_route=\/wp\/v2\/users\/2"}],"replies":[{"embeddable":true,"href":"https:\/\/elmetidosv.com\/index.php?rest_route=%2Fwp%2Fv2%2Fcomments&post=13493"}],"version-history":[{"count":1,"href":"https:\/\/elmetidosv.com\/index.php?rest_route=\/wp\/v2\/posts\/13493\/revisions"}],"predecessor-version":[{"id":13495,"href":"https:\/\/elmetidosv.com\/index.php?rest_route=\/wp\/v2\/posts\/13493\/revisions\/13495"}],"wp:featuredmedia":[{"embeddable":true,"href":"https:\/\/elmetidosv.com\/index.php?rest_route=\/wp\/v2\/media\/13494"}],"wp:attachment":[{"href":"https:\/\/elmetidosv.com\/index.php?rest_route=%2Fwp%2Fv2%2Fmedia&parent=13493"}],"wp:term":[{"taxonomy":"category","embeddable":true,"href":"https:\/\/elmetidosv.com\/index.php?rest_route=%2Fwp%2Fv2%2Fcategories&post=13493"},{"taxonomy":"post_tag","embeddable":true,"href":"https:\/\/elmetidosv.com\/index.php?rest_route=%2Fwp%2Fv2%2Ftags&post=13493"}],"curies":[{"name":"wp","href":"https:\/\/api.w.org\/{rel}","templated":true}]}}