{"id":13466,"date":"2021-03-12T17:07:44","date_gmt":"2021-03-12T23:07:44","guid":{"rendered":"http:\/\/elmetidosve.com\/?p=13466"},"modified":"2021-03-12T17:07:50","modified_gmt":"2021-03-12T23:07:50","slug":"la-mayoria-de-los-congresistas-democratas-por-nueva-york-pide-que-el-gobernador-andrew-cuomo-renuncie","status":"publish","type":"post","link":"https:\/\/elmetidosv.com\/?p=13466","title":{"rendered":"La mayor\u00eda de los congresistas dem\u00f3cratas por Nueva York pide que el gobernador Andrew Cuomo renuncie"},"content":{"rendered":"\n<p>La mayor\u00eda de los dem\u00f3cratas de la C\u00e1mara de Representantes por Nueva York, incluidos algunos miembros destacados y poderosos del Congreso, pidieron el viernes al gobernador dem\u00f3crata Andrew Cuomo que renuncie a ra\u00edz de las\u00a0acusaciones de acoso sexual\u00a0y su manejo de las\u00a0muertes por covid-19 en hogares de ancianos del estado.<\/p>\n\n\n\n<p>Trece dem\u00f3cratas de la C\u00e1mara de Representantes de Nueva York dijeron el viernes que Cuomo debe renunciar. Argumentan que las acusaciones perjudican su capacidad para gobernar de manera efectiva y servir a la poblaci\u00f3n del estado.<\/p>\n\n\n\n<p>Los miembros del Congreso por Nueva York hab\u00edan permanecido en gran medida en silencio, mientras que los legisladores estatales dem\u00f3cratas lideraban los pedidos de renuncia de Cuomo.<\/p>\n\n\n\n<p><\/p>\n","protected":false},"excerpt":{"rendered":"<p>La mayor\u00eda de los dem\u00f3cratas de la C\u00e1mara de Representantes por Nueva York, incluidos algunos miembros destacados y poderosos del<\/p>\n","protected":false},"author":2,"featured_media":13467,"comment_status":"open","ping_status":"open","sticky":false,"template":"","format":"standard","meta":{"colormag_page_container_layout":"default_layout","colormag_page_sidebar_layout":"default_layout","footnotes":""},"categories":[3],"tags":[],"class_list":["post-13466","post","type-post","status-publish","format-standard","has-post-thumbnail","hentry","category-internacional"],"_links":{"self":[{"href":"https:\/\/elmetidosv.com\/index.php?rest_route=\/wp\/v2\/posts\/13466","targetHints":{"allow":["GET"]}}],"collection":[{"href":"https:\/\/elmetidosv.com\/index.php?rest_route=\/wp\/v2\/posts"}],"about":[{"href":"https:\/\/elmetidosv.com\/index.php?rest_route=\/wp\/v2\/types\/post"}],"author":[{"embeddable":true,"href":"https:\/\/elmetidosv.com\/index.php?rest_route=\/wp\/v2\/users\/2"}],"replies":[{"embeddable":true,"href":"https:\/\/elmetidosv.com\/index.php?rest_route=%2Fwp%2Fv2%2Fcomments&post=13466"}],"version-history":[{"count":1,"href":"https:\/\/elmetidosv.com\/index.php?rest_route=\/wp\/v2\/posts\/13466\/revisions"}],"predecessor-version":[{"id":13468,"href":"https:\/\/elmetidosv.com\/index.php?rest_route=\/wp\/v2\/posts\/13466\/revisions\/13468"}],"wp:featuredmedia":[{"embeddable":true,"href":"https:\/\/elmetidosv.com\/index.php?rest_route=\/wp\/v2\/media\/13467"}],"wp:attachment":[{"href":"https:\/\/elmetidosv.com\/index.php?rest_route=%2Fwp%2Fv2%2Fmedia&parent=13466"}],"wp:term":[{"taxonomy":"category","embeddable":true,"href":"https:\/\/elmetidosv.com\/index.php?rest_route=%2Fwp%2Fv2%2Fcategories&post=13466"},{"taxonomy":"post_tag","embeddable":true,"href":"https:\/\/elmetidosv.com\/index.php?rest_route=%2Fwp%2Fv2%2Ftags&post=13466"}],"curies":[{"name":"wp","href":"https:\/\/api.w.org\/{rel}","templated":true}]}}