{"id":13302,"date":"2021-03-04T18:16:28","date_gmt":"2021-03-05T00:16:28","guid":{"rendered":"http:\/\/elmetidosve.com\/?p=13302"},"modified":"2021-03-04T18:16:36","modified_gmt":"2021-03-05T00:16:36","slug":"24-salvadorenos-reciben-alta-medica-por-covid-19-en-el-hospital-el-salvador","status":"publish","type":"post","link":"https:\/\/elmetidosv.com\/?p=13302","title":{"rendered":"24 salvadore\u00f1os reciben alta m\u00e9dica por COVID-19 en el Hospital El Salvador"},"content":{"rendered":"\n<figure class=\"wp-block-gallery columns-2 is-cropped wp-block-gallery-1 is-layout-flex wp-block-gallery-is-layout-flex\"><ul class=\"blocks-gallery-grid\"><li class=\"blocks-gallery-item\"><figure><img loading=\"lazy\" decoding=\"async\" width=\"360\" height=\"240\" src=\"http:\/\/elmetidosve.com\/wp-content\/uploads\/2021\/03\/0000-26.jpg\" alt=\"\" data-id=\"13303\" data-link=\"http:\/\/elmetidosve.com\/?attachment_id=13303\" class=\"wp-image-13303\" srcset=\"https:\/\/elmetidosv.com\/wp-content\/uploads\/2021\/03\/0000-26.jpg 360w, https:\/\/elmetidosv.com\/wp-content\/uploads\/2021\/03\/0000-26-300x200.jpg 300w\" sizes=\"auto, (max-width: 360px) 100vw, 360px\" \/><\/figure><\/li><li class=\"blocks-gallery-item\"><figure><img loading=\"lazy\" decoding=\"async\" width=\"360\" height=\"240\" src=\"http:\/\/elmetidosve.com\/wp-content\/uploads\/2021\/03\/000-13.jpg\" alt=\"\" data-id=\"13304\" data-link=\"http:\/\/elmetidosve.com\/?attachment_id=13304\" class=\"wp-image-13304\" srcset=\"https:\/\/elmetidosv.com\/wp-content\/uploads\/2021\/03\/000-13.jpg 360w, https:\/\/elmetidosv.com\/wp-content\/uploads\/2021\/03\/000-13-300x200.jpg 300w\" sizes=\"auto, (max-width: 360px) 100vw, 360px\" \/><\/figure><\/li><li class=\"blocks-gallery-item\"><figure><img loading=\"lazy\" decoding=\"async\" width=\"360\" height=\"240\" src=\"http:\/\/elmetidosve.com\/wp-content\/uploads\/2021\/03\/1-4.jpg\" alt=\"\" data-id=\"13305\" data-full-url=\"http:\/\/elmetidosve.com\/wp-content\/uploads\/2021\/03\/1-4.jpg\" data-link=\"http:\/\/elmetidosve.com\/?attachment_id=13305\" class=\"wp-image-13305\" srcset=\"https:\/\/elmetidosv.com\/wp-content\/uploads\/2021\/03\/1-4.jpg 360w, https:\/\/elmetidosv.com\/wp-content\/uploads\/2021\/03\/1-4-300x200.jpg 300w\" sizes=\"auto, (max-width: 360px) 100vw, 360px\" \/><\/figure><\/li><\/ul><\/figure>\n\n\n\n<p>24 Salvadore\u00f1os recibieron este jueves el alta m\u00e9dica en el Hospital El Salvador, tras no mostrar s\u00edntomas de coronavirus, informaron las autoridades del Ministerio de Salud.<\/p>\n\n\n\n<p>Previo a retornar a sus viviendas, cada una de las personas recuperadas que salen del nosocomio reciben un kit de medicamentos para un tiempo de 15 d\u00edas para finalizar su tratamiento m\u00e9dico.<\/p>\n\n\n\n<p>Las medidas que deben cumplir son: uso correcto de mascarillas, lavado frecuente de manos, guardar distancia de dos metros, entre otras.<\/p>\n\n\n\n<p>El Ministerio de Salud hace el llamado a la ciudadan\u00eda a no bajar la guardia con la medidas de bioseguridad, porque el coronavirus sigue en el entorno.<\/p>\n\n\n\n<p>Seg\u00fan el sitio web, covid19.gob.sv, en el pa\u00eds se han recuperado 56,339 personas del coronavirus, los cuales fueron atendidos en la red hospitalaria p\u00fablica y de los centros hospitalarios del Instituto Salvadore\u00f1o del Seguro Social (ISSS).<\/p>\n","protected":false},"excerpt":{"rendered":"<p>24 Salvadore\u00f1os recibieron este jueves el alta m\u00e9dica en el Hospital El Salvador, tras no mostrar s\u00edntomas de coronavirus, informaron<\/p>\n","protected":false},"author":2,"featured_media":13304,"comment_status":"open","ping_status":"open","sticky":false,"template":"","format":"standard","meta":{"colormag_page_container_layout":"default_layout","colormag_page_sidebar_layout":"default_layout","footnotes":""},"categories":[1],"tags":[],"class_list":["post-13302","post","type-post","status-publish","format-standard","has-post-thumbnail","hentry","category-nacional"],"_links":{"self":[{"href":"https:\/\/elmetidosv.com\/index.php?rest_route=\/wp\/v2\/posts\/13302","targetHints":{"allow":["GET"]}}],"collection":[{"href":"https:\/\/elmetidosv.com\/index.php?rest_route=\/wp\/v2\/posts"}],"about":[{"href":"https:\/\/elmetidosv.com\/index.php?rest_route=\/wp\/v2\/types\/post"}],"author":[{"embeddable":true,"href":"https:\/\/elmetidosv.com\/index.php?rest_route=\/wp\/v2\/users\/2"}],"replies":[{"embeddable":true,"href":"https:\/\/elmetidosv.com\/index.php?rest_route=%2Fwp%2Fv2%2Fcomments&post=13302"}],"version-history":[{"count":1,"href":"https:\/\/elmetidosv.com\/index.php?rest_route=\/wp\/v2\/posts\/13302\/revisions"}],"predecessor-version":[{"id":13306,"href":"https:\/\/elmetidosv.com\/index.php?rest_route=\/wp\/v2\/posts\/13302\/revisions\/13306"}],"wp:featuredmedia":[{"embeddable":true,"href":"https:\/\/elmetidosv.com\/index.php?rest_route=\/wp\/v2\/media\/13304"}],"wp:attachment":[{"href":"https:\/\/elmetidosv.com\/index.php?rest_route=%2Fwp%2Fv2%2Fmedia&parent=13302"}],"wp:term":[{"taxonomy":"category","embeddable":true,"href":"https:\/\/elmetidosv.com\/index.php?rest_route=%2Fwp%2Fv2%2Fcategories&post=13302"},{"taxonomy":"post_tag","embeddable":true,"href":"https:\/\/elmetidosv.com\/index.php?rest_route=%2Fwp%2Fv2%2Ftags&post=13302"}],"curies":[{"name":"wp","href":"https:\/\/api.w.org\/{rel}","templated":true}]}}