{"id":13032,"date":"2021-02-15T17:39:32","date_gmt":"2021-02-15T23:39:32","guid":{"rendered":"http:\/\/elmetidosve.com\/?p=13032"},"modified":"2021-02-15T17:39:40","modified_gmt":"2021-02-15T23:39:40","slug":"salud-realizo-pruebas-de-covid-19-en-jicalapa-la-libertad","status":"publish","type":"post","link":"https:\/\/elmetidosv.com\/?p=13032","title":{"rendered":"Salud realizo pruebas de Covid-19 en Jicalapa, La Libertad"},"content":{"rendered":"\n<p>El Equipo Interdisciplinario de Contenci\u00f3n Epidemiol\u00f3gica (EICEES) instala este lunes cabinas de diagn\u00f3stico de COVID-19 para realizar pruebas a la poblaci\u00f3n de manera gratuita en el municipio de Jicalapa, La Libertad<\/p>\n\n\n\n<p>De acuerdo al reporte, las cabinas de toma de PCR se encuentran frente al Parque Central y sobre el desv\u00edo de Jicalapa en La Perla, para que todos aquellos ciudadanos que deseen realizarse la prueba de forma gratuita.<\/p>\n\n\n\n<p>El registr\u00f3 indica que personas, entre los 20 y 50 a\u00f1os de edad, es el grupo poblacional que m\u00e1s acude a realizarse la prueba Covid-19 en . La asistencia de menores de edad y adultos mayores es reducida.<\/p>\n\n\n\n<p>Las autoridades detallaron que el tipo de prueba que se hace es la de Polimerasa Reactiva en Cadena (PCR, por sus siglas en ingl\u00e9s) que tiene un 99.99% de confiabilidad.<\/p>\n\n\n\n<p>La toma de la muestra se hace a trav\u00e9s de un hisopado nasal y garganta, posteriormente se toman los datos personales, para contactar por medio de llamada telef\u00f3nica o correo electr\u00f3nico en caso de dar positivo a COVID-19.<\/p>\n","protected":false},"excerpt":{"rendered":"<p>El Equipo Interdisciplinario de Contenci\u00f3n Epidemiol\u00f3gica (EICEES) instala este lunes cabinas de diagn\u00f3stico de COVID-19 para realizar pruebas a la<\/p>\n","protected":false},"author":2,"featured_media":13033,"comment_status":"open","ping_status":"open","sticky":false,"template":"","format":"standard","meta":{"colormag_page_container_layout":"default_layout","colormag_page_sidebar_layout":"default_layout","footnotes":""},"categories":[1],"tags":[],"class_list":["post-13032","post","type-post","status-publish","format-standard","has-post-thumbnail","hentry","category-nacional"],"_links":{"self":[{"href":"https:\/\/elmetidosv.com\/index.php?rest_route=\/wp\/v2\/posts\/13032","targetHints":{"allow":["GET"]}}],"collection":[{"href":"https:\/\/elmetidosv.com\/index.php?rest_route=\/wp\/v2\/posts"}],"about":[{"href":"https:\/\/elmetidosv.com\/index.php?rest_route=\/wp\/v2\/types\/post"}],"author":[{"embeddable":true,"href":"https:\/\/elmetidosv.com\/index.php?rest_route=\/wp\/v2\/users\/2"}],"replies":[{"embeddable":true,"href":"https:\/\/elmetidosv.com\/index.php?rest_route=%2Fwp%2Fv2%2Fcomments&post=13032"}],"version-history":[{"count":1,"href":"https:\/\/elmetidosv.com\/index.php?rest_route=\/wp\/v2\/posts\/13032\/revisions"}],"predecessor-version":[{"id":13034,"href":"https:\/\/elmetidosv.com\/index.php?rest_route=\/wp\/v2\/posts\/13032\/revisions\/13034"}],"wp:featuredmedia":[{"embeddable":true,"href":"https:\/\/elmetidosv.com\/index.php?rest_route=\/wp\/v2\/media\/13033"}],"wp:attachment":[{"href":"https:\/\/elmetidosv.com\/index.php?rest_route=%2Fwp%2Fv2%2Fmedia&parent=13032"}],"wp:term":[{"taxonomy":"category","embeddable":true,"href":"https:\/\/elmetidosv.com\/index.php?rest_route=%2Fwp%2Fv2%2Fcategories&post=13032"},{"taxonomy":"post_tag","embeddable":true,"href":"https:\/\/elmetidosv.com\/index.php?rest_route=%2Fwp%2Fv2%2Ftags&post=13032"}],"curies":[{"name":"wp","href":"https:\/\/api.w.org\/{rel}","templated":true}]}}