{"id":12997,"date":"2021-02-10T16:59:11","date_gmt":"2021-02-10T22:59:11","guid":{"rendered":"http:\/\/elmetidosve.com\/?p=12997"},"modified":"2021-02-10T16:59:19","modified_gmt":"2021-02-10T22:59:19","slug":"paquetes-alimentarios-continuan-llegando-a-familias-de-el-pais","status":"publish","type":"post","link":"https:\/\/elmetidosv.com\/?p=12997","title":{"rendered":"Paquetes Alimentarios contin\u00faan llegando a familias de el pa\u00eds"},"content":{"rendered":"\n<figure class=\"wp-block-gallery columns-2 is-cropped wp-block-gallery-1 is-layout-flex wp-block-gallery-is-layout-flex\"><ul class=\"blocks-gallery-grid\"><li class=\"blocks-gallery-item\"><figure><img loading=\"lazy\" decoding=\"async\" width=\"680\" height=\"454\" src=\"http:\/\/elmetidosve.com\/wp-content\/uploads\/2021\/02\/0000-39.jpg\" alt=\"\" data-id=\"12998\" data-link=\"http:\/\/elmetidosve.com\/?attachment_id=12998\" class=\"wp-image-12998\" srcset=\"https:\/\/elmetidosv.com\/wp-content\/uploads\/2021\/02\/0000-39.jpg 680w, https:\/\/elmetidosv.com\/wp-content\/uploads\/2021\/02\/0000-39-300x200.jpg 300w\" sizes=\"auto, (max-width: 680px) 100vw, 680px\" \/><\/figure><\/li><li class=\"blocks-gallery-item\"><figure><img loading=\"lazy\" decoding=\"async\" width=\"730\" height=\"683\" src=\"http:\/\/elmetidosve.com\/wp-content\/uploads\/2021\/02\/000-27.jpg\" alt=\"\" data-id=\"12999\" data-link=\"http:\/\/elmetidosve.com\/?attachment_id=12999\" class=\"wp-image-12999\" srcset=\"https:\/\/elmetidosv.com\/wp-content\/uploads\/2021\/02\/000-27.jpg 730w, https:\/\/elmetidosv.com\/wp-content\/uploads\/2021\/02\/000-27-300x281.jpg 300w\" sizes=\"auto, (max-width: 730px) 100vw, 730px\" \/><\/figure><\/li><li class=\"blocks-gallery-item\"><figure><img loading=\"lazy\" decoding=\"async\" width=\"1024\" height=\"683\" src=\"http:\/\/elmetidosve.com\/wp-content\/uploads\/2021\/02\/000-28-1024x683.jpg\" alt=\"\" data-id=\"13000\" data-full-url=\"http:\/\/elmetidosve.com\/wp-content\/uploads\/2021\/02\/000-28.jpg\" data-link=\"http:\/\/elmetidosve.com\/?attachment_id=13000\" class=\"wp-image-13000\" srcset=\"https:\/\/elmetidosv.com\/wp-content\/uploads\/2021\/02\/000-28-1024x683.jpg 1024w, https:\/\/elmetidosv.com\/wp-content\/uploads\/2021\/02\/000-28-300x200.jpg 300w, https:\/\/elmetidosv.com\/wp-content\/uploads\/2021\/02\/000-28-768x512.jpg 768w, https:\/\/elmetidosv.com\/wp-content\/uploads\/2021\/02\/000-28.jpg 1116w\" sizes=\"auto, (max-width: 1024px) 100vw, 1024px\" \/><\/figure><\/li><\/ul><\/figure>\n\n\n\n<p>Con el objetivo de apoyar a los salvadore\u00f1os en este tiempo dif\u00edcil de la pandemia, el Gobierno del Presidente de la Rep\u00fablica, Nayib Bukele, contin\u00faa comprometido en la distribuci\u00f3n de los Paquetes Alimentarios a familias que habitan en lugares m\u00e1s rec\u00f3nditos del pa\u00eds.<\/p>\n\n\n\n<p>Las autoridades de Gobierno han detallado que el Programa de Emergencia Sanitaria (PES) est\u00e1 llegando a diferentes puntos del pa\u00eds, sin importar lo complicado del camino o las inclemencias del tiempo.<\/p>\n\n\n\n<p>El objetivo del Gobierno del presidente Bukele es llegar a entregar los paquetes alimentarios a los hogares con mayores \u00edndices de pobreza en medio de la pandemia, as\u00ed como a toda la poblaci\u00f3n en general sin distinci\u00f3n alguna.<\/p>\n\n\n\n<p>Para ello, personal de diferentes instituciones p\u00fablicas han unido esfuerzo y se mantienen colaborando todos los d\u00edas para llevar los alimentos hasta la puerta de las viviendas de las familias.<\/p>\n\n\n\n<p>Asimismo, privados de libertad en fase de confianza de la Direcci\u00f3n General de Centros Penales (DGCP) colaboran en la log\u00edstica de distribuci\u00f3n de los alimentos, esto como parte de su proceso de rehabilitaci\u00f3n y reinserci\u00f3n a la sociedad.  <\/p>\n","protected":false},"excerpt":{"rendered":"<p>Con el objetivo de apoyar a los salvadore\u00f1os en este tiempo dif\u00edcil de la pandemia, el Gobierno del Presidente de<\/p>\n","protected":false},"author":2,"featured_media":13000,"comment_status":"open","ping_status":"open","sticky":false,"template":"","format":"standard","meta":{"colormag_page_container_layout":"default_layout","colormag_page_sidebar_layout":"default_layout","footnotes":""},"categories":[1],"tags":[],"class_list":["post-12997","post","type-post","status-publish","format-standard","has-post-thumbnail","hentry","category-nacional"],"_links":{"self":[{"href":"https:\/\/elmetidosv.com\/index.php?rest_route=\/wp\/v2\/posts\/12997","targetHints":{"allow":["GET"]}}],"collection":[{"href":"https:\/\/elmetidosv.com\/index.php?rest_route=\/wp\/v2\/posts"}],"about":[{"href":"https:\/\/elmetidosv.com\/index.php?rest_route=\/wp\/v2\/types\/post"}],"author":[{"embeddable":true,"href":"https:\/\/elmetidosv.com\/index.php?rest_route=\/wp\/v2\/users\/2"}],"replies":[{"embeddable":true,"href":"https:\/\/elmetidosv.com\/index.php?rest_route=%2Fwp%2Fv2%2Fcomments&post=12997"}],"version-history":[{"count":1,"href":"https:\/\/elmetidosv.com\/index.php?rest_route=\/wp\/v2\/posts\/12997\/revisions"}],"predecessor-version":[{"id":13001,"href":"https:\/\/elmetidosv.com\/index.php?rest_route=\/wp\/v2\/posts\/12997\/revisions\/13001"}],"wp:featuredmedia":[{"embeddable":true,"href":"https:\/\/elmetidosv.com\/index.php?rest_route=\/wp\/v2\/media\/13000"}],"wp:attachment":[{"href":"https:\/\/elmetidosv.com\/index.php?rest_route=%2Fwp%2Fv2%2Fmedia&parent=12997"}],"wp:term":[{"taxonomy":"category","embeddable":true,"href":"https:\/\/elmetidosv.com\/index.php?rest_route=%2Fwp%2Fv2%2Fcategories&post=12997"},{"taxonomy":"post_tag","embeddable":true,"href":"https:\/\/elmetidosv.com\/index.php?rest_route=%2Fwp%2Fv2%2Ftags&post=12997"}],"curies":[{"name":"wp","href":"https:\/\/api.w.org\/{rel}","templated":true}]}}