{"id":12992,"date":"2021-02-10T16:41:56","date_gmt":"2021-02-10T22:41:56","guid":{"rendered":"http:\/\/elmetidosve.com\/?p=12992"},"modified":"2021-02-10T16:42:03","modified_gmt":"2021-02-10T22:42:03","slug":"vmt-continua-verificando-medidas-de-bioseguridad-en-el-transporte-publico","status":"publish","type":"post","link":"https:\/\/elmetidosv.com\/?p=12992","title":{"rendered":"VMT contin\u00faa verificando medidas de bioseguridad en el transporte p\u00fablico"},"content":{"rendered":"\n<figure class=\"wp-block-gallery columns-2 is-cropped wp-block-gallery-1 is-layout-flex wp-block-gallery-is-layout-flex\"><ul class=\"blocks-gallery-grid\"><li class=\"blocks-gallery-item\"><figure><img loading=\"lazy\" decoding=\"async\" width=\"680\" height=\"475\" src=\"http:\/\/elmetidosve.com\/wp-content\/uploads\/2021\/02\/0000-38.jpg\" alt=\"\" data-id=\"12993\" data-full-url=\"http:\/\/elmetidosve.com\/wp-content\/uploads\/2021\/02\/0000-38.jpg\" data-link=\"http:\/\/elmetidosve.com\/?attachment_id=12993\" class=\"wp-image-12993\" srcset=\"https:\/\/elmetidosv.com\/wp-content\/uploads\/2021\/02\/0000-38.jpg 680w, https:\/\/elmetidosv.com\/wp-content\/uploads\/2021\/02\/0000-38-300x210.jpg 300w, https:\/\/elmetidosv.com\/wp-content\/uploads\/2021\/02\/0000-38-130x90.jpg 130w\" sizes=\"auto, (max-width: 680px) 100vw, 680px\" \/><\/figure><\/li><li class=\"blocks-gallery-item\"><figure><img loading=\"lazy\" decoding=\"async\" width=\"680\" height=\"412\" src=\"http:\/\/elmetidosve.com\/wp-content\/uploads\/2021\/02\/000-26.jpg\" alt=\"\" data-id=\"12994\" data-full-url=\"http:\/\/elmetidosve.com\/wp-content\/uploads\/2021\/02\/000-26.jpg\" data-link=\"http:\/\/elmetidosve.com\/?attachment_id=12994\" class=\"wp-image-12994\" srcset=\"https:\/\/elmetidosv.com\/wp-content\/uploads\/2021\/02\/000-26.jpg 680w, https:\/\/elmetidosv.com\/wp-content\/uploads\/2021\/02\/000-26-300x182.jpg 300w\" sizes=\"auto, (max-width: 680px) 100vw, 680px\" \/><\/figure><\/li><\/ul><\/figure>\n\n\n\n<p>Autoridades del Viceministerio de Transporte (VMT) procedieron este mi\u00e9rcoles a sancionar rutas del transporte colectivo por irrespetar el Reglamento General de Tr\u00e1nsito Vial.<\/p>\n\n\n\n<p>Entre las unidades sancionadas se encuentra la ruta 42 B, que hace su recorrido de Santa Tecla hacia el Centro de San Salvador por  sobrecarga de pasajeros y no portar documentos en regla.<\/p>\n\n\n\n<p>Dicho procedimiento se llev\u00f3 a cabo en coordinaci\u00f3n con la Divisi\u00f3n de Tr\u00e1nsito Terrestre de la Polic\u00eda Nacional Civil (PNC) para verificar que las diferentes rutas cumplan lo establecido en la ley de tr\u00e1nsito.<\/p>\n\n\n\n<p>\u201cHemos venido manteniendo este tipo de controles desde el inicio de la reapertura, 24 de agosto 2020 y vamos a continuar con esta tarea de concientizar a la poblaci\u00f3n para que se mantengan las medidas de bioseguridad\u201d, indic\u00f3 el viceministro del VMT Sa\u00fal Castelar.<\/p>\n\n\n\n<p>Asimismo, parte de las supervisiones se enfocan a que se cumplan las medidas, tanto pasajeros como conductores, de bioseguridad para evitar la propagaci\u00f3n del Covid-19.<\/p>\n\n\n\n<p>\u201cLa prevenci\u00f3n al contagio de COVID-19 es responsabilidad de todos, verificamos que las unidades de transporte cumplan con las normas de bioseguridad\u201d, destaca la PNC en sus redes sociales tras verificar las medidas en diferentes zonas del pa\u00eds.<\/p>\n","protected":false},"excerpt":{"rendered":"<p>Autoridades del Viceministerio de Transporte (VMT) procedieron este mi\u00e9rcoles a sancionar rutas del transporte colectivo por irrespetar el Reglamento General<\/p>\n","protected":false},"author":2,"featured_media":12994,"comment_status":"open","ping_status":"open","sticky":false,"template":"","format":"standard","meta":{"colormag_page_container_layout":"default_layout","colormag_page_sidebar_layout":"default_layout","footnotes":""},"categories":[1],"tags":[],"class_list":["post-12992","post","type-post","status-publish","format-standard","has-post-thumbnail","hentry","category-nacional"],"_links":{"self":[{"href":"https:\/\/elmetidosv.com\/index.php?rest_route=\/wp\/v2\/posts\/12992","targetHints":{"allow":["GET"]}}],"collection":[{"href":"https:\/\/elmetidosv.com\/index.php?rest_route=\/wp\/v2\/posts"}],"about":[{"href":"https:\/\/elmetidosv.com\/index.php?rest_route=\/wp\/v2\/types\/post"}],"author":[{"embeddable":true,"href":"https:\/\/elmetidosv.com\/index.php?rest_route=\/wp\/v2\/users\/2"}],"replies":[{"embeddable":true,"href":"https:\/\/elmetidosv.com\/index.php?rest_route=%2Fwp%2Fv2%2Fcomments&post=12992"}],"version-history":[{"count":1,"href":"https:\/\/elmetidosv.com\/index.php?rest_route=\/wp\/v2\/posts\/12992\/revisions"}],"predecessor-version":[{"id":12996,"href":"https:\/\/elmetidosv.com\/index.php?rest_route=\/wp\/v2\/posts\/12992\/revisions\/12996"}],"wp:featuredmedia":[{"embeddable":true,"href":"https:\/\/elmetidosv.com\/index.php?rest_route=\/wp\/v2\/media\/12994"}],"wp:attachment":[{"href":"https:\/\/elmetidosv.com\/index.php?rest_route=%2Fwp%2Fv2%2Fmedia&parent=12992"}],"wp:term":[{"taxonomy":"category","embeddable":true,"href":"https:\/\/elmetidosv.com\/index.php?rest_route=%2Fwp%2Fv2%2Fcategories&post=12992"},{"taxonomy":"post_tag","embeddable":true,"href":"https:\/\/elmetidosv.com\/index.php?rest_route=%2Fwp%2Fv2%2Ftags&post=12992"}],"curies":[{"name":"wp","href":"https:\/\/api.w.org\/{rel}","templated":true}]}}