{"id":12826,"date":"2021-02-01T16:33:20","date_gmt":"2021-02-01T22:33:20","guid":{"rendered":"http:\/\/elmetidosve.com\/?p=12826"},"modified":"2021-02-01T16:33:34","modified_gmt":"2021-02-01T22:33:34","slug":"17-salvadorenos-mas-vencieron-el-covid-19-en-el-hospital-el-salvador","status":"publish","type":"post","link":"https:\/\/elmetidosv.com\/?p=12826","title":{"rendered":"17 salvadore\u00f1os m\u00e1s vencieron el COVID-19 en el Hospital El Salvador"},"content":{"rendered":"\n<figure class=\"wp-block-gallery columns-2 is-cropped wp-block-gallery-1 is-layout-flex wp-block-gallery-is-layout-flex\"><ul class=\"blocks-gallery-grid\"><li class=\"blocks-gallery-item\"><figure><img loading=\"lazy\" decoding=\"async\" width=\"360\" height=\"240\" src=\"http:\/\/elmetidosve.com\/wp-content\/uploads\/2021\/02\/0000-4.jpg\" alt=\"\" data-id=\"12827\" data-link=\"http:\/\/elmetidosve.com\/?attachment_id=12827\" class=\"wp-image-12827\" srcset=\"https:\/\/elmetidosv.com\/wp-content\/uploads\/2021\/02\/0000-4.jpg 360w, https:\/\/elmetidosv.com\/wp-content\/uploads\/2021\/02\/0000-4-300x200.jpg 300w\" sizes=\"auto, (max-width: 360px) 100vw, 360px\" \/><\/figure><\/li><li class=\"blocks-gallery-item\"><figure><img loading=\"lazy\" decoding=\"async\" width=\"360\" height=\"237\" src=\"http:\/\/elmetidosve.com\/wp-content\/uploads\/2021\/02\/000-3.jpg\" alt=\"\" data-id=\"12828\" data-link=\"http:\/\/elmetidosve.com\/?attachment_id=12828\" class=\"wp-image-12828\" srcset=\"https:\/\/elmetidosv.com\/wp-content\/uploads\/2021\/02\/000-3.jpg 360w, https:\/\/elmetidosv.com\/wp-content\/uploads\/2021\/02\/000-3-300x198.jpg 300w\" sizes=\"auto, (max-width: 360px) 100vw, 360px\" \/><\/figure><\/li><li class=\"blocks-gallery-item\"><figure><img loading=\"lazy\" decoding=\"async\" width=\"360\" height=\"240\" src=\"http:\/\/elmetidosve.com\/wp-content\/uploads\/2021\/02\/1.jpg\" alt=\"\" data-id=\"12829\" data-full-url=\"http:\/\/elmetidosve.com\/wp-content\/uploads\/2021\/02\/1.jpg\" data-link=\"http:\/\/elmetidosve.com\/?attachment_id=12829\" class=\"wp-image-12829\" srcset=\"https:\/\/elmetidosv.com\/wp-content\/uploads\/2021\/02\/1.jpg 360w, https:\/\/elmetidosv.com\/wp-content\/uploads\/2021\/02\/1-300x200.jpg 300w\" sizes=\"auto, (max-width: 360px) 100vw, 360px\" \/><\/figure><\/li><\/ul><\/figure>\n\n\n\n<p>Al menos 17 salvadore\u00f1os se recuperaron este lunes en el Hospital El Salvador tras vencer el COVID-19, informaron autoridades del nosocomio.<\/p>\n\n\n\n<p>\u201cLos 13 hombres y 4 mujeres fueron atendidos bajo el protocolo del coronavirus, que incluye tratamientos de alta gama como la transfusi\u00f3n de plasma convaleciente\u201d, explicaron las autoridades de Salud.<\/p>\n\n\n\n<p>Los recuperados recibieron kit m\u00e9dico para 15 d\u00edas, tiempo que deben cumplir con una estricta cuarentena domiciliar para no recaer nuevamente.<\/p>\n\n\n\n<p>El Ministerio de Salud hace el llamado a la poblaci\u00f3n seguir cumpliendo con las medidas de bioseguridad, porque el COVID-19 sigue en el entorno.<\/p>\n\n\n\n<p>Seg\u00fan el sitio web, covid19.gob.sv, en el pa\u00eds se contabilizan 49,037 altas m\u00e9dicas, desde que se registraron los primeros dos recuperados por esta enfermedad en abril 2020.<\/p>\n","protected":false},"excerpt":{"rendered":"<p>Al menos 17 salvadore\u00f1os se recuperaron este lunes en el Hospital El Salvador tras vencer el COVID-19, informaron autoridades del<\/p>\n","protected":false},"author":2,"featured_media":12829,"comment_status":"open","ping_status":"open","sticky":false,"template":"","format":"standard","meta":{"colormag_page_container_layout":"default_layout","colormag_page_sidebar_layout":"default_layout","footnotes":""},"categories":[1],"tags":[],"class_list":["post-12826","post","type-post","status-publish","format-standard","has-post-thumbnail","hentry","category-nacional"],"_links":{"self":[{"href":"https:\/\/elmetidosv.com\/index.php?rest_route=\/wp\/v2\/posts\/12826","targetHints":{"allow":["GET"]}}],"collection":[{"href":"https:\/\/elmetidosv.com\/index.php?rest_route=\/wp\/v2\/posts"}],"about":[{"href":"https:\/\/elmetidosv.com\/index.php?rest_route=\/wp\/v2\/types\/post"}],"author":[{"embeddable":true,"href":"https:\/\/elmetidosv.com\/index.php?rest_route=\/wp\/v2\/users\/2"}],"replies":[{"embeddable":true,"href":"https:\/\/elmetidosv.com\/index.php?rest_route=%2Fwp%2Fv2%2Fcomments&post=12826"}],"version-history":[{"count":1,"href":"https:\/\/elmetidosv.com\/index.php?rest_route=\/wp\/v2\/posts\/12826\/revisions"}],"predecessor-version":[{"id":12830,"href":"https:\/\/elmetidosv.com\/index.php?rest_route=\/wp\/v2\/posts\/12826\/revisions\/12830"}],"wp:featuredmedia":[{"embeddable":true,"href":"https:\/\/elmetidosv.com\/index.php?rest_route=\/wp\/v2\/media\/12829"}],"wp:attachment":[{"href":"https:\/\/elmetidosv.com\/index.php?rest_route=%2Fwp%2Fv2%2Fmedia&parent=12826"}],"wp:term":[{"taxonomy":"category","embeddable":true,"href":"https:\/\/elmetidosv.com\/index.php?rest_route=%2Fwp%2Fv2%2Fcategories&post=12826"},{"taxonomy":"post_tag","embeddable":true,"href":"https:\/\/elmetidosv.com\/index.php?rest_route=%2Fwp%2Fv2%2Ftags&post=12826"}],"curies":[{"name":"wp","href":"https:\/\/api.w.org\/{rel}","templated":true}]}}