{"id":12822,"date":"2021-02-01T16:24:11","date_gmt":"2021-02-01T22:24:11","guid":{"rendered":"http:\/\/elmetidosve.com\/?p=12822"},"modified":"2021-02-01T16:24:19","modified_gmt":"2021-02-01T22:24:19","slug":"inician-clases-virtuales-para-5200-centros-educativos-publicos","status":"publish","type":"post","link":"https:\/\/elmetidosv.com\/?p=12822","title":{"rendered":"Inician clases virtuales para 5,200 centros educativos p\u00fablicos"},"content":{"rendered":"\n<figure class=\"wp-block-gallery columns-2 is-cropped wp-block-gallery-1 is-layout-flex wp-block-gallery-is-layout-flex\"><ul class=\"blocks-gallery-grid\"><li class=\"blocks-gallery-item\"><figure><img loading=\"lazy\" decoding=\"async\" width=\"680\" height=\"454\" src=\"http:\/\/elmetidosve.com\/wp-content\/uploads\/2021\/02\/0000-3.jpg\" alt=\"\" data-id=\"12823\" data-full-url=\"http:\/\/elmetidosve.com\/wp-content\/uploads\/2021\/02\/0000-3.jpg\" data-link=\"http:\/\/elmetidosve.com\/?attachment_id=12823\" class=\"wp-image-12823\" srcset=\"https:\/\/elmetidosv.com\/wp-content\/uploads\/2021\/02\/0000-3.jpg 680w, https:\/\/elmetidosv.com\/wp-content\/uploads\/2021\/02\/0000-3-300x200.jpg 300w\" sizes=\"auto, (max-width: 680px) 100vw, 680px\" \/><\/figure><\/li><li class=\"blocks-gallery-item\"><figure><img loading=\"lazy\" decoding=\"async\" width=\"680\" height=\"453\" src=\"http:\/\/elmetidosve.com\/wp-content\/uploads\/2021\/02\/000-2.jpg\" alt=\"\" data-id=\"12824\" data-full-url=\"http:\/\/elmetidosve.com\/wp-content\/uploads\/2021\/02\/000-2.jpg\" data-link=\"http:\/\/elmetidosve.com\/?attachment_id=12824\" class=\"wp-image-12824\" srcset=\"https:\/\/elmetidosv.com\/wp-content\/uploads\/2021\/02\/000-2.jpg 680w, https:\/\/elmetidosv.com\/wp-content\/uploads\/2021\/02\/000-2-300x200.jpg 300w\" sizes=\"auto, (max-width: 680px) 100vw, 680px\" \/><\/figure><\/li><\/ul><\/figure>\n\n\n\n<p>Este d\u00eda iniciaron las clases virtuales para 5 mil 200 centros educativos p\u00fablicos. El proceso formativo inicia en modalidad virtual como medida para evitar contagios de la Covid-19.<\/p>\n\n\n\n<p>Para verificar el proceso, la ministra de Educaci\u00f3n, Carla Hanan\u00eda, estuvo presente en el centro escolar Francisco Moraz\u00e1n, en San Salvador, donde explic\u00f3 que las plataformas que apoyar\u00e1n este inicio de clases son la Radio El Salvador, las Gu\u00edas de Aprendizaje, las teleclases y la plataforma de Google Classroom. <\/p>\n\n\n\n<p>\u201cLa radio nacional es una nueva plataforma complementaria a todas las dem\u00e1s. Esto lo hacemos para que ning\u00fan ni\u00f1o o ni\u00f1a se quede atr\u00e1s en su proceso educativo\u201d, coment\u00f3 la funcionaria.<\/p>\n\n\n\n<p>La ministra agreg\u00f3 que se ha puesto a disposici\u00f3n otros centros educativos con conexi\u00f3n a internet y equipo para los estudiantes que no tienen conectividad en sus casas. Esto, mientras se entregan las computadoras a todos los alumnos.<\/p>\n\n\n\n<p>\u201cLas computadoras ser\u00e1n entregadas de manera progresiva y con base a ciertas prioridades. Al final del a\u00f1o todos tendr\u00e1n una computadora\u201d, expres\u00f3.<\/p>\n","protected":false},"excerpt":{"rendered":"<p>Este d\u00eda iniciaron las clases virtuales para 5 mil 200 centros educativos p\u00fablicos. El proceso formativo inicia en modalidad virtual<\/p>\n","protected":false},"author":2,"featured_media":12823,"comment_status":"open","ping_status":"open","sticky":false,"template":"","format":"standard","meta":{"colormag_page_container_layout":"default_layout","colormag_page_sidebar_layout":"default_layout","footnotes":""},"categories":[1],"tags":[],"class_list":["post-12822","post","type-post","status-publish","format-standard","has-post-thumbnail","hentry","category-nacional"],"_links":{"self":[{"href":"https:\/\/elmetidosv.com\/index.php?rest_route=\/wp\/v2\/posts\/12822","targetHints":{"allow":["GET"]}}],"collection":[{"href":"https:\/\/elmetidosv.com\/index.php?rest_route=\/wp\/v2\/posts"}],"about":[{"href":"https:\/\/elmetidosv.com\/index.php?rest_route=\/wp\/v2\/types\/post"}],"author":[{"embeddable":true,"href":"https:\/\/elmetidosv.com\/index.php?rest_route=\/wp\/v2\/users\/2"}],"replies":[{"embeddable":true,"href":"https:\/\/elmetidosv.com\/index.php?rest_route=%2Fwp%2Fv2%2Fcomments&post=12822"}],"version-history":[{"count":1,"href":"https:\/\/elmetidosv.com\/index.php?rest_route=\/wp\/v2\/posts\/12822\/revisions"}],"predecessor-version":[{"id":12825,"href":"https:\/\/elmetidosv.com\/index.php?rest_route=\/wp\/v2\/posts\/12822\/revisions\/12825"}],"wp:featuredmedia":[{"embeddable":true,"href":"https:\/\/elmetidosv.com\/index.php?rest_route=\/wp\/v2\/media\/12823"}],"wp:attachment":[{"href":"https:\/\/elmetidosv.com\/index.php?rest_route=%2Fwp%2Fv2%2Fmedia&parent=12822"}],"wp:term":[{"taxonomy":"category","embeddable":true,"href":"https:\/\/elmetidosv.com\/index.php?rest_route=%2Fwp%2Fv2%2Fcategories&post=12822"},{"taxonomy":"post_tag","embeddable":true,"href":"https:\/\/elmetidosv.com\/index.php?rest_route=%2Fwp%2Fv2%2Ftags&post=12822"}],"curies":[{"name":"wp","href":"https:\/\/api.w.org\/{rel}","templated":true}]}}