{"id":12818,"date":"2021-02-01T16:21:27","date_gmt":"2021-02-01T22:21:27","guid":{"rendered":"http:\/\/elmetidosve.com\/?p=12818"},"modified":"2021-02-01T16:21:34","modified_gmt":"2021-02-01T22:21:34","slug":"canciller-de-la-republica-y-ministro-de-trabajo-firman-convenio-para-que-salvadorenos-puedan-obtener-visas-laborales","status":"publish","type":"post","link":"https:\/\/elmetidosv.com\/?p=12818","title":{"rendered":"Canciller de la Rep\u00fablica y Ministro de Trabajo firman convenio para que salvadore\u00f1os puedan obtener visas laborales"},"content":{"rendered":"\n<figure class=\"wp-block-gallery columns-2 is-cropped wp-block-gallery-1 is-layout-flex wp-block-gallery-is-layout-flex\"><ul class=\"blocks-gallery-grid\"><li class=\"blocks-gallery-item\"><figure><img loading=\"lazy\" decoding=\"async\" width=\"680\" height=\"455\" src=\"http:\/\/elmetidosve.com\/wp-content\/uploads\/2021\/02\/0000-2.jpg\" alt=\"\" data-id=\"12819\" data-full-url=\"http:\/\/elmetidosve.com\/wp-content\/uploads\/2021\/02\/0000-2.jpg\" data-link=\"http:\/\/elmetidosve.com\/?attachment_id=12819\" class=\"wp-image-12819\" srcset=\"https:\/\/elmetidosv.com\/wp-content\/uploads\/2021\/02\/0000-2.jpg 680w, https:\/\/elmetidosv.com\/wp-content\/uploads\/2021\/02\/0000-2-300x201.jpg 300w\" sizes=\"auto, (max-width: 680px) 100vw, 680px\" \/><\/figure><\/li><li class=\"blocks-gallery-item\"><figure><img loading=\"lazy\" decoding=\"async\" width=\"680\" height=\"530\" src=\"http:\/\/elmetidosve.com\/wp-content\/uploads\/2021\/02\/000-1.jpg\" alt=\"\" data-id=\"12820\" data-full-url=\"http:\/\/elmetidosve.com\/wp-content\/uploads\/2021\/02\/000-1.jpg\" data-link=\"http:\/\/elmetidosve.com\/?attachment_id=12820\" class=\"wp-image-12820\" srcset=\"https:\/\/elmetidosv.com\/wp-content\/uploads\/2021\/02\/000-1.jpg 680w, https:\/\/elmetidosv.com\/wp-content\/uploads\/2021\/02\/000-1-300x234.jpg 300w\" sizes=\"auto, (max-width: 680px) 100vw, 680px\" \/><\/figure><\/li><\/ul><\/figure>\n\n\n\n<p>Con el objetivo de fortalecer el Programa de Migraci\u00f3n Laboral en El Salvador, una iniciativa que busca promover las visas de trabajo entre los salvadore\u00f1os, los ministros de Relaciones Exteriores y de Trabajo, Alexandra Hill y Rolando Castro respectivamente, realizaron este lunes la firma de un convenio.<\/p>\n\n\n\n<p>El Programa de Migraci\u00f3n Laboral es una iniciativa que busca generar oportunidades de visas de trabajo para salvadore\u00f1os con el deseo de contribuir al desarrollo del pa\u00eds y al fortalecimiento de la econom\u00eda familiar, indicaron los funcionarios.<\/p>\n\n\n\n<p>En ese sentido, la canciller Hill destac\u00f3 que con esta firma \u201cSe oficializa, una promesa que nos hicimos el d\u00eda que nos conocimos: buscar oportunidades para que los salvadore\u00f1os puedan viajar y trabajar; generar mejores condiciones a sus familias\u201d.<\/p>\n\n\n\n<p>Por su parte, el ministro Castro destac\u00f3 que, con este proyecto, \u201cSe inicia una nueva esperanza de poder articular no solamente cientos, sino miles de trabajadores en todo el mundo\u201d.<\/p>\n\n\n\n<p>\u201cLa firma de esta alianza inicia una nueva esperanza de articular esfuerzos para generar m\u00e1s oportunidades de empleo. Este d\u00eda marca parte del hito hist\u00f3rico de nuestro pa\u00eds\u201d, agreg\u00f3.<\/p>\n\n\n\n<p>Con este convenio, Canciller\u00eda pone a disposici\u00f3n del Ministerio de Trabajo toda la red consultar de todo el mundo para las gestiones de abrir oportunidades de empleo, a trav\u00e9s del Programa de Migraci\u00f3n Laboral.<\/p>\n","protected":false},"excerpt":{"rendered":"<p>Con el objetivo de fortalecer el Programa de Migraci\u00f3n Laboral en El Salvador, una iniciativa que busca promover las visas<\/p>\n","protected":false},"author":2,"featured_media":12819,"comment_status":"open","ping_status":"open","sticky":false,"template":"","format":"standard","meta":{"colormag_page_container_layout":"default_layout","colormag_page_sidebar_layout":"default_layout","footnotes":""},"categories":[1],"tags":[],"class_list":["post-12818","post","type-post","status-publish","format-standard","has-post-thumbnail","hentry","category-nacional"],"_links":{"self":[{"href":"https:\/\/elmetidosv.com\/index.php?rest_route=\/wp\/v2\/posts\/12818","targetHints":{"allow":["GET"]}}],"collection":[{"href":"https:\/\/elmetidosv.com\/index.php?rest_route=\/wp\/v2\/posts"}],"about":[{"href":"https:\/\/elmetidosv.com\/index.php?rest_route=\/wp\/v2\/types\/post"}],"author":[{"embeddable":true,"href":"https:\/\/elmetidosv.com\/index.php?rest_route=\/wp\/v2\/users\/2"}],"replies":[{"embeddable":true,"href":"https:\/\/elmetidosv.com\/index.php?rest_route=%2Fwp%2Fv2%2Fcomments&post=12818"}],"version-history":[{"count":1,"href":"https:\/\/elmetidosv.com\/index.php?rest_route=\/wp\/v2\/posts\/12818\/revisions"}],"predecessor-version":[{"id":12821,"href":"https:\/\/elmetidosv.com\/index.php?rest_route=\/wp\/v2\/posts\/12818\/revisions\/12821"}],"wp:featuredmedia":[{"embeddable":true,"href":"https:\/\/elmetidosv.com\/index.php?rest_route=\/wp\/v2\/media\/12819"}],"wp:attachment":[{"href":"https:\/\/elmetidosv.com\/index.php?rest_route=%2Fwp%2Fv2%2Fmedia&parent=12818"}],"wp:term":[{"taxonomy":"category","embeddable":true,"href":"https:\/\/elmetidosv.com\/index.php?rest_route=%2Fwp%2Fv2%2Fcategories&post=12818"},{"taxonomy":"post_tag","embeddable":true,"href":"https:\/\/elmetidosv.com\/index.php?rest_route=%2Fwp%2Fv2%2Ftags&post=12818"}],"curies":[{"name":"wp","href":"https:\/\/api.w.org\/{rel}","templated":true}]}}