{"id":12805,"date":"2021-01-31T18:56:42","date_gmt":"2021-02-01T00:56:42","guid":{"rendered":"http:\/\/elmetidosve.com\/?p=12805"},"modified":"2021-01-31T18:56:51","modified_gmt":"2021-02-01T00:56:51","slug":"expresidente-de-ecuador-gustavo-noboa-esta-delicado-de-salud-informa-lenin-moreno","status":"publish","type":"post","link":"https:\/\/elmetidosv.com\/?p=12805","title":{"rendered":"Expresidente de Ecuador Gustavo Noboa est\u00e1 \u201cdelicado de salud\u201d, informa Len\u00edn Moreno"},"content":{"rendered":"\n<p>El expresidente de Ecuador Gustavo Noboa, que gobern\u00f3 al pa\u00eds desde enero del 2000 hasta enero del 2003, \u201cse encuentra muy delicado de salud\u201d, seg\u00fan inform\u00f3 en Twitter el presidente de la Rep\u00fablica, Len\u00edn Moreno.<\/p>\n\n\n\n<p>\u201cA \u00e9l y a su familia, un fuerte abrazo y mis mejores deseos para una pronta recuperaci\u00f3n. Estaremos pendientes\u201d, escribi\u00f3 Moreno desde su cuenta de la red social.<\/p>\n\n\n\n<p>Gustavo Gonz\u00e1lez, yerno del expresidente Noboa, inform\u00f3 a CNN que planean que el exmandatario viaje a Miami, Estados Unidos, el pr\u00f3ximo s\u00e1bado para someterse a una operaci\u00f3n en su cerebro.<\/p>\n\n\n\n<p>La intervenci\u00f3n quir\u00fargica se est\u00e1 planificando, seg\u00fan Gonz\u00e1lez, para que ocurra entre el 10 y el 12 de febrero.<\/p>\n\n\n\n<p>\u201cEsperamos con fe que todo saldr\u00e1 bien\u201d, dijo.<\/p>\n\n\n\n<p>Gustavo Noboa asumi\u00f3 el poder en el 2000, luego de que el entonces presidente Jamil Mahuad fue derrocado en medio de una crisis econ\u00f3mica y pol\u00edtica que azotaba al pa\u00eds.<\/p>\n","protected":false},"excerpt":{"rendered":"<p>El expresidente de Ecuador Gustavo Noboa, que gobern\u00f3 al pa\u00eds desde enero del 2000 hasta enero del 2003, \u201cse encuentra<\/p>\n","protected":false},"author":2,"featured_media":12807,"comment_status":"open","ping_status":"open","sticky":false,"template":"","format":"standard","meta":{"colormag_page_container_layout":"default_layout","colormag_page_sidebar_layout":"default_layout","footnotes":""},"categories":[3],"tags":[],"class_list":["post-12805","post","type-post","status-publish","format-standard","has-post-thumbnail","hentry","category-internacional"],"_links":{"self":[{"href":"https:\/\/elmetidosv.com\/index.php?rest_route=\/wp\/v2\/posts\/12805","targetHints":{"allow":["GET"]}}],"collection":[{"href":"https:\/\/elmetidosv.com\/index.php?rest_route=\/wp\/v2\/posts"}],"about":[{"href":"https:\/\/elmetidosv.com\/index.php?rest_route=\/wp\/v2\/types\/post"}],"author":[{"embeddable":true,"href":"https:\/\/elmetidosv.com\/index.php?rest_route=\/wp\/v2\/users\/2"}],"replies":[{"embeddable":true,"href":"https:\/\/elmetidosv.com\/index.php?rest_route=%2Fwp%2Fv2%2Fcomments&post=12805"}],"version-history":[{"count":1,"href":"https:\/\/elmetidosv.com\/index.php?rest_route=\/wp\/v2\/posts\/12805\/revisions"}],"predecessor-version":[{"id":12808,"href":"https:\/\/elmetidosv.com\/index.php?rest_route=\/wp\/v2\/posts\/12805\/revisions\/12808"}],"wp:featuredmedia":[{"embeddable":true,"href":"https:\/\/elmetidosv.com\/index.php?rest_route=\/wp\/v2\/media\/12807"}],"wp:attachment":[{"href":"https:\/\/elmetidosv.com\/index.php?rest_route=%2Fwp%2Fv2%2Fmedia&parent=12805"}],"wp:term":[{"taxonomy":"category","embeddable":true,"href":"https:\/\/elmetidosv.com\/index.php?rest_route=%2Fwp%2Fv2%2Fcategories&post=12805"},{"taxonomy":"post_tag","embeddable":true,"href":"https:\/\/elmetidosv.com\/index.php?rest_route=%2Fwp%2Fv2%2Ftags&post=12805"}],"curies":[{"name":"wp","href":"https:\/\/api.w.org\/{rel}","templated":true}]}}