{"id":1279,"date":"2020-04-06T19:56:27","date_gmt":"2020-04-07T01:56:27","guid":{"rendered":"http:\/\/elmetidosve.com\/?p=1279"},"modified":"2020-04-06T19:56:35","modified_gmt":"2020-04-07T01:56:35","slug":"roban-mascarillas-y-otros-productos-medicos-valorados-en-mas-de-5000000-de-dolares-en-una-bodega-de-espana","status":"publish","type":"post","link":"https:\/\/elmetidosv.com\/?p=1279","title":{"rendered":"Roban mascarillas y otros productos m\u00e9dicos valorados en m\u00e1s de 5,000,000 de d\u00f3lares en una bodega de Espa\u00f1a"},"content":{"rendered":"\n<figure class=\"wp-block-gallery columns-2 is-cropped wp-block-gallery-1 is-layout-flex wp-block-gallery-is-layout-flex\"><ul class=\"blocks-gallery-grid\"><li class=\"blocks-gallery-item\"><figure><img loading=\"lazy\" decoding=\"async\" width=\"971\" height=\"414\" src=\"http:\/\/elmetidosve.com\/wp-content\/uploads\/2020\/04\/0000000000000000000000000-12.jpg\" alt=\"\" data-id=\"1280\" data-full-url=\"http:\/\/elmetidosve.com\/wp-content\/uploads\/2020\/04\/0000000000000000000000000-12.jpg\" data-link=\"http:\/\/elmetidosve.com\/?attachment_id=1280\" class=\"wp-image-1280\" srcset=\"https:\/\/elmetidosv.com\/wp-content\/uploads\/2020\/04\/0000000000000000000000000-12.jpg 971w, https:\/\/elmetidosv.com\/wp-content\/uploads\/2020\/04\/0000000000000000000000000-12-300x128.jpg 300w, https:\/\/elmetidosv.com\/wp-content\/uploads\/2020\/04\/0000000000000000000000000-12-768x327.jpg 768w\" sizes=\"auto, (max-width: 971px) 100vw, 971px\" \/><\/figure><\/li><li class=\"blocks-gallery-item\"><figure><img loading=\"lazy\" decoding=\"async\" width=\"385\" height=\"680\" src=\"http:\/\/elmetidosve.com\/wp-content\/uploads\/2020\/04\/000000000000000000-14.jpg\" alt=\"\" data-id=\"1281\" data-full-url=\"http:\/\/elmetidosve.com\/wp-content\/uploads\/2020\/04\/000000000000000000-14.jpg\" data-link=\"http:\/\/elmetidosve.com\/?attachment_id=1281\" class=\"wp-image-1281\" srcset=\"https:\/\/elmetidosv.com\/wp-content\/uploads\/2020\/04\/000000000000000000-14.jpg 385w, https:\/\/elmetidosv.com\/wp-content\/uploads\/2020\/04\/000000000000000000-14-170x300.jpg 170w\" sizes=\"auto, (max-width: 385px) 100vw, 385px\" \/><\/figure><\/li><\/ul><\/figure>\n\n\n\n<p>Las autoridades policiales de Espa\u00f1a explicaron que cerca de dos millones de mascarillas y otros materiales m\u00e9dicos, fueron robados de una bodega que almacenaba productos m\u00e9dicos.<\/p>\n\n\n\n<p>Seg\u00fan el portal web RT en Espa\u00f1ol, las p\u00e9rdidas ascienden en unos 5 millones de euros (casi 5,4 millones de d\u00f3lares) y se encontraba en una bodega de una empresa ubicada en la ciudad de Santiago de Compostela.<\/p>\n\n\n\n<p>Las autoridades recibieron una llamada telef\u00f3nica en la que podr\u00eda haber una gran cantidad de mascarillas del modelo FFP2, guantes quir\u00fargicos, pantalones, uniformes sanitarios, botiquines y alcohol.<\/p>\n\n\n\n<p>Al llegar los agentes encontraron solo unas mil mascarillas y otros productos. Adem\u00e1s, los implementos robados fueron extra\u00eddos de sus cajas aparentemente para ocultar su procedencia.<\/p>\n\n\n\n<p>Seg\u00fan las autoridades espa\u00f1olas consideran que se produjo el atraco cuando el brote del coronavirus ya estaba extendido por diversos pa\u00edses europeos.<\/p>\n","protected":false},"excerpt":{"rendered":"<p>Las autoridades policiales de Espa\u00f1a explicaron que cerca de dos millones de mascarillas y otros materiales m\u00e9dicos, fueron robados de<\/p>\n","protected":false},"author":1,"featured_media":1281,"comment_status":"open","ping_status":"open","sticky":false,"template":"","format":"standard","meta":{"colormag_page_container_layout":"default_layout","colormag_page_sidebar_layout":"default_layout","footnotes":""},"categories":[3],"tags":[],"class_list":["post-1279","post","type-post","status-publish","format-standard","has-post-thumbnail","hentry","category-internacional"],"_links":{"self":[{"href":"https:\/\/elmetidosv.com\/index.php?rest_route=\/wp\/v2\/posts\/1279","targetHints":{"allow":["GET"]}}],"collection":[{"href":"https:\/\/elmetidosv.com\/index.php?rest_route=\/wp\/v2\/posts"}],"about":[{"href":"https:\/\/elmetidosv.com\/index.php?rest_route=\/wp\/v2\/types\/post"}],"author":[{"embeddable":true,"href":"https:\/\/elmetidosv.com\/index.php?rest_route=\/wp\/v2\/users\/1"}],"replies":[{"embeddable":true,"href":"https:\/\/elmetidosv.com\/index.php?rest_route=%2Fwp%2Fv2%2Fcomments&post=1279"}],"version-history":[{"count":1,"href":"https:\/\/elmetidosv.com\/index.php?rest_route=\/wp\/v2\/posts\/1279\/revisions"}],"predecessor-version":[{"id":1282,"href":"https:\/\/elmetidosv.com\/index.php?rest_route=\/wp\/v2\/posts\/1279\/revisions\/1282"}],"wp:featuredmedia":[{"embeddable":true,"href":"https:\/\/elmetidosv.com\/index.php?rest_route=\/wp\/v2\/media\/1281"}],"wp:attachment":[{"href":"https:\/\/elmetidosv.com\/index.php?rest_route=%2Fwp%2Fv2%2Fmedia&parent=1279"}],"wp:term":[{"taxonomy":"category","embeddable":true,"href":"https:\/\/elmetidosv.com\/index.php?rest_route=%2Fwp%2Fv2%2Fcategories&post=1279"},{"taxonomy":"post_tag","embeddable":true,"href":"https:\/\/elmetidosv.com\/index.php?rest_route=%2Fwp%2Fv2%2Ftags&post=1279"}],"curies":[{"name":"wp","href":"https:\/\/api.w.org\/{rel}","templated":true}]}}