{"id":1272,"date":"2020-04-06T19:43:19","date_gmt":"2020-04-07T01:43:19","guid":{"rendered":"http:\/\/elmetidosve.com\/?p=1272"},"modified":"2020-04-06T19:43:26","modified_gmt":"2020-04-07T01:43:26","slug":"francia-reporta-mas-de-833-fallecidos-por-coronavirus-en-las-ultimas-24-horas","status":"publish","type":"post","link":"https:\/\/elmetidosv.com\/?p=1272","title":{"rendered":"Francia reporta m\u00e1s de 833 fallecidos por coronavirus en las \u00faltimas 24 horas"},"content":{"rendered":"\n<p>Francia sum\u00f3 833 personas fallecidas en un d\u00eda por coronavirus, que elevan el total desde el principio de la epidemia hasta las 8.mil 911, indic\u00f3 este lunes el ministro franc\u00e9s de Sanidad, Olivier V\u00e9ran, indican a  la agencia EFE<\/p>\n\n\n\n<p>El pa\u00eds ha registrado desde el pasado 1 de marzo 6 mil 494 muertes en hospitales, de ellas 605 en las \u00faltimas 24 horas, y otras 2.417 en residencias de ancianos y centros de dependencia.<\/p>\n\n\n\n<p>Si bien 228 de estas fueron anunciadas en la \u00faltima jornada, ello ni implica que hayan tenido lugar durante ese per\u00edodo de tiempo. Inicialmente, Francia no report\u00f3 las cifras de decesos fuera de sus hospitales. Comenz\u00f3 a hacerlo la semana pasada, y desde entonces las provee en base a la nueva informaci\u00f3n que recopila d\u00eda a d\u00eda, pero que no implica que los decesos hayan sucedido en las \u00faltimas horas.<\/p>\n\n\n\n<p>Asimismo, hay 7 mil 072 personas en unidades de cuidados intensivos, 478 m\u00e1s en un d\u00eda, recalc\u00f3 el ministro, que dej\u00f3 claro que las cifras demuestran que \u201cel camino es largo\u201d antes de poder dar por superada esta crisis sanitaria.<\/p>\n\n\n\n<p>En total, el pa\u00eds suma m\u00e1s de 98 mil contagios desde el inicio de la pandemia, con 17 mil 250 pacientes recuperados, adem\u00e1s de los decesos. Es uno de los m\u00e1s golpeados del mundo por el avance de coronavirus, superado en casos s\u00f3lo por Estados Unidos, Italia, Espa\u00f1a y Alemania.<\/p>\n\n\n\n<p>En cuanto a las muertes, se encuentra en el cuarto lugar de la l\u00fagubre lista. El \u00fanico de los pa\u00edses mencionados que registra menos es Alemania, con 1.612 muertes pese a la alta cantidad de casos positivos.<\/p>\n\n\n\n<p>En otro pasaje de su reporte, Ver\u00e1n anunci\u00f3 el lanzamiento de una \u201camplia operaci\u00f3n de detecci\u00f3n\u201d de casos de coronavirus en las residencias de ancianos y personas dependientes, fuertemente golpeados por la pandemia: del total de muertes, 2.417 corresponden a ese demogr\u00e1fico. <\/p>\n\n\n\n<p>Ver\u00e1n Indic\u00f3 que la iniciativa implicar\u00e1 \u201cexaminar a todos los residentes y a todo el personal en cuanto aparezca el primer caso confirmado en el establecimiento\u201d.<\/p>\n\n\n\n<p>\u201cPermitir\u00e1 agrupar a los casos positivos en sectores expresamente dedicados y as\u00ed evitar que otros residentes se contagien\u201d, precis\u00f3.<\/p>\n","protected":false},"excerpt":{"rendered":"<p>Francia sum\u00f3 833 personas fallecidas en un d\u00eda por coronavirus, que elevan el total desde el principio de la epidemia<\/p>\n","protected":false},"author":1,"featured_media":1274,"comment_status":"open","ping_status":"open","sticky":false,"template":"","format":"standard","meta":{"colormag_page_container_layout":"default_layout","colormag_page_sidebar_layout":"default_layout","footnotes":""},"categories":[3],"tags":[],"class_list":["post-1272","post","type-post","status-publish","format-standard","has-post-thumbnail","hentry","category-internacional"],"_links":{"self":[{"href":"https:\/\/elmetidosv.com\/index.php?rest_route=\/wp\/v2\/posts\/1272","targetHints":{"allow":["GET"]}}],"collection":[{"href":"https:\/\/elmetidosv.com\/index.php?rest_route=\/wp\/v2\/posts"}],"about":[{"href":"https:\/\/elmetidosv.com\/index.php?rest_route=\/wp\/v2\/types\/post"}],"author":[{"embeddable":true,"href":"https:\/\/elmetidosv.com\/index.php?rest_route=\/wp\/v2\/users\/1"}],"replies":[{"embeddable":true,"href":"https:\/\/elmetidosv.com\/index.php?rest_route=%2Fwp%2Fv2%2Fcomments&post=1272"}],"version-history":[{"count":1,"href":"https:\/\/elmetidosv.com\/index.php?rest_route=\/wp\/v2\/posts\/1272\/revisions"}],"predecessor-version":[{"id":1275,"href":"https:\/\/elmetidosv.com\/index.php?rest_route=\/wp\/v2\/posts\/1272\/revisions\/1275"}],"wp:featuredmedia":[{"embeddable":true,"href":"https:\/\/elmetidosv.com\/index.php?rest_route=\/wp\/v2\/media\/1274"}],"wp:attachment":[{"href":"https:\/\/elmetidosv.com\/index.php?rest_route=%2Fwp%2Fv2%2Fmedia&parent=1272"}],"wp:term":[{"taxonomy":"category","embeddable":true,"href":"https:\/\/elmetidosv.com\/index.php?rest_route=%2Fwp%2Fv2%2Fcategories&post=1272"},{"taxonomy":"post_tag","embeddable":true,"href":"https:\/\/elmetidosv.com\/index.php?rest_route=%2Fwp%2Fv2%2Ftags&post=1272"}],"curies":[{"name":"wp","href":"https:\/\/api.w.org\/{rel}","templated":true}]}}