{"id":1269,"date":"2020-04-05T18:43:14","date_gmt":"2020-04-06T00:43:14","guid":{"rendered":"http:\/\/elmetidosve.com\/?p=1269"},"modified":"2020-04-05T18:43:21","modified_gmt":"2020-04-06T00:43:21","slug":"el-numero-de-contagiados-por-coronavirus-en-mexico-asciende-a-2-143-y-la-cifra-de-muertos-a-94","status":"publish","type":"post","link":"https:\/\/elmetidosv.com\/?p=1269","title":{"rendered":"El n\u00famero de contagiados por coronavirus en M\u00e9xico asciende a 2.143 y la cifra de muertos a 94"},"content":{"rendered":"\n<p>La mayor parte de los contagios se han registrado en la Ciudad de M\u00e9xico, con 560 personas infectadas.<\/p>\n\n\n\n<p>La Secretar\u00eda de Salud de M\u00e9xico ha reportado que en las \u00faltimas 24 horas se han registrado 253 nuevos casos de contagio y 16 muertes por coronavirus en el pa\u00eds.<\/p>\n\n\n\n<p>De esta manera, el n\u00famero total de contagiados en la naci\u00f3n se eleva a 2143. y la cifra de decesos se sit\u00faa en 94. La mayor parte de los contagios se han registrado en la Ciudad de M\u00e9xico, con 560 personas infectadas.<\/p>\n\n\n\n<p>Mientras tanto, los gobernadores de los 31 estados de la Rep\u00fablica se sumaron a la iniciativa de observar el cumplimiento del estado de emergencia sanitaria nacional por causas de fuerza mayor ante la pandemia que fue declarado por el Gobierno federal el pasado lunes. Mediante el decreto, se suspendieron inmediatamente y hasta el 30 de abril las actividades no esenciales en el sector p\u00fablico y privado.<\/p>\n","protected":false},"excerpt":{"rendered":"<p>La mayor parte de los contagios se han registrado en la Ciudad de M\u00e9xico, con 560 personas infectadas. La Secretar\u00eda<\/p>\n","protected":false},"author":1,"featured_media":1270,"comment_status":"open","ping_status":"open","sticky":false,"template":"","format":"standard","meta":{"colormag_page_container_layout":"default_layout","colormag_page_sidebar_layout":"default_layout","footnotes":""},"categories":[3],"tags":[],"class_list":["post-1269","post","type-post","status-publish","format-standard","has-post-thumbnail","hentry","category-internacional"],"_links":{"self":[{"href":"https:\/\/elmetidosv.com\/index.php?rest_route=\/wp\/v2\/posts\/1269","targetHints":{"allow":["GET"]}}],"collection":[{"href":"https:\/\/elmetidosv.com\/index.php?rest_route=\/wp\/v2\/posts"}],"about":[{"href":"https:\/\/elmetidosv.com\/index.php?rest_route=\/wp\/v2\/types\/post"}],"author":[{"embeddable":true,"href":"https:\/\/elmetidosv.com\/index.php?rest_route=\/wp\/v2\/users\/1"}],"replies":[{"embeddable":true,"href":"https:\/\/elmetidosv.com\/index.php?rest_route=%2Fwp%2Fv2%2Fcomments&post=1269"}],"version-history":[{"count":1,"href":"https:\/\/elmetidosv.com\/index.php?rest_route=\/wp\/v2\/posts\/1269\/revisions"}],"predecessor-version":[{"id":1271,"href":"https:\/\/elmetidosv.com\/index.php?rest_route=\/wp\/v2\/posts\/1269\/revisions\/1271"}],"wp:featuredmedia":[{"embeddable":true,"href":"https:\/\/elmetidosv.com\/index.php?rest_route=\/wp\/v2\/media\/1270"}],"wp:attachment":[{"href":"https:\/\/elmetidosv.com\/index.php?rest_route=%2Fwp%2Fv2%2Fmedia&parent=1269"}],"wp:term":[{"taxonomy":"category","embeddable":true,"href":"https:\/\/elmetidosv.com\/index.php?rest_route=%2Fwp%2Fv2%2Fcategories&post=1269"},{"taxonomy":"post_tag","embeddable":true,"href":"https:\/\/elmetidosv.com\/index.php?rest_route=%2Fwp%2Fv2%2Ftags&post=1269"}],"curies":[{"name":"wp","href":"https:\/\/api.w.org\/{rel}","templated":true}]}}