{"id":12523,"date":"2021-01-19T17:39:58","date_gmt":"2021-01-19T23:39:58","guid":{"rendered":"http:\/\/elmetidosve.com\/?p=12523"},"modified":"2021-01-19T17:40:05","modified_gmt":"2021-01-19T23:40:05","slug":"un-accidente-aereo-se-registro-este-martes-en-copacabana-municipio-de-medellin-colombia","status":"publish","type":"post","link":"https:\/\/elmetidosv.com\/?p=12523","title":{"rendered":"Un accidente a\u00e9reo se registr\u00f3 este martes en Copacabana, municipio de Medell\u00edn, Colombia"},"content":{"rendered":"\n<figure class=\"wp-block-gallery columns-2 is-cropped wp-block-gallery-1 is-layout-flex wp-block-gallery-is-layout-flex\"><ul class=\"blocks-gallery-grid\"><li class=\"blocks-gallery-item\"><figure><img loading=\"lazy\" decoding=\"async\" width=\"449\" height=\"680\" src=\"http:\/\/elmetidosve.com\/wp-content\/uploads\/2021\/01\/0000-105.jpg\" alt=\"\" data-id=\"12524\" data-link=\"http:\/\/elmetidosve.com\/?attachment_id=12524\" class=\"wp-image-12524\" srcset=\"https:\/\/elmetidosv.com\/wp-content\/uploads\/2021\/01\/0000-105.jpg 449w, https:\/\/elmetidosv.com\/wp-content\/uploads\/2021\/01\/0000-105-198x300.jpg 198w\" sizes=\"auto, (max-width: 449px) 100vw, 449px\" \/><\/figure><\/li><li class=\"blocks-gallery-item\"><figure><img loading=\"lazy\" decoding=\"async\" width=\"360\" height=\"203\" src=\"http:\/\/elmetidosve.com\/wp-content\/uploads\/2021\/01\/000-74.jpg\" alt=\"\" data-id=\"12525\" data-link=\"http:\/\/elmetidosve.com\/?attachment_id=12525\" class=\"wp-image-12525\" srcset=\"https:\/\/elmetidosv.com\/wp-content\/uploads\/2021\/01\/000-74.jpg 360w, https:\/\/elmetidosv.com\/wp-content\/uploads\/2021\/01\/000-74-300x169.jpg 300w\" sizes=\"auto, (max-width: 360px) 100vw, 360px\" \/><\/figure><\/li><li class=\"blocks-gallery-item\"><figure><img loading=\"lazy\" decoding=\"async\" width=\"360\" height=\"203\" src=\"http:\/\/elmetidosve.com\/wp-content\/uploads\/2021\/01\/000-75.jpg\" alt=\"\" data-id=\"12526\" data-full-url=\"http:\/\/elmetidosve.com\/wp-content\/uploads\/2021\/01\/000-75.jpg\" data-link=\"http:\/\/elmetidosve.com\/?attachment_id=12526\" class=\"wp-image-12526\" srcset=\"https:\/\/elmetidosv.com\/wp-content\/uploads\/2021\/01\/000-75.jpg 360w, https:\/\/elmetidosv.com\/wp-content\/uploads\/2021\/01\/000-75-300x169.jpg 300w\" sizes=\"auto, (max-width: 360px) 100vw, 360px\" \/><\/figure><\/li><\/ul><\/figure>\n\n\n\n<p>Un accidente a\u00e9reo se registr\u00f3 este martes en Copacabana, municipio de Medell\u00edn, Antioquia, donde las autoridades colombianas han realizado labores para rescatar a los ocupantes de una avioneta accidentada.<\/p>\n\n\n\n<p>De acuerdo con los reportes, dicho transporte de desplom\u00f3 sobre una vivienda de la localidad, dejando como resultado preliminar a dos personas lesionadas.<\/p>\n\n\n\n<p>Seg\u00fan informaci\u00f3n de los equipos de B\u00fasqueda y Rescate Aeron\u00e1utico de Colombia (BRAC), y de las autoridades del municipio de Copacabana, el incidente se dio luego de que la aeronave despegara del Aeropuerto Olaya Herrera.<\/p>\n\n\n\n<p>Las dos personas que estaban al interior de la aeronave son piloto y acompa\u00f1ante, quienes ya fueron evacuadas y est\u00e1n siendo atendidas.<\/p>\n\n\n\n<p>Seg\u00fan fuentes del Aeropuerto Olaya Herrera, la Aeron\u00e1utica Civil se encuentra realizando las investigaciones para esclarecer qu\u00e9 sucedi\u00f3 con esta aeronave, la cual hace parte de un aeroclub de la ciudad de Barranquilla.<\/p>\n","protected":false},"excerpt":{"rendered":"<p>Un accidente a\u00e9reo se registr\u00f3 este martes en Copacabana, municipio de Medell\u00edn, Antioquia, donde las autoridades colombianas han realizado labores<\/p>\n","protected":false},"author":2,"featured_media":12525,"comment_status":"open","ping_status":"open","sticky":false,"template":"","format":"standard","meta":{"colormag_page_container_layout":"default_layout","colormag_page_sidebar_layout":"default_layout","footnotes":""},"categories":[3],"tags":[],"class_list":["post-12523","post","type-post","status-publish","format-standard","has-post-thumbnail","hentry","category-internacional"],"_links":{"self":[{"href":"https:\/\/elmetidosv.com\/index.php?rest_route=\/wp\/v2\/posts\/12523","targetHints":{"allow":["GET"]}}],"collection":[{"href":"https:\/\/elmetidosv.com\/index.php?rest_route=\/wp\/v2\/posts"}],"about":[{"href":"https:\/\/elmetidosv.com\/index.php?rest_route=\/wp\/v2\/types\/post"}],"author":[{"embeddable":true,"href":"https:\/\/elmetidosv.com\/index.php?rest_route=\/wp\/v2\/users\/2"}],"replies":[{"embeddable":true,"href":"https:\/\/elmetidosv.com\/index.php?rest_route=%2Fwp%2Fv2%2Fcomments&post=12523"}],"version-history":[{"count":1,"href":"https:\/\/elmetidosv.com\/index.php?rest_route=\/wp\/v2\/posts\/12523\/revisions"}],"predecessor-version":[{"id":12527,"href":"https:\/\/elmetidosv.com\/index.php?rest_route=\/wp\/v2\/posts\/12523\/revisions\/12527"}],"wp:featuredmedia":[{"embeddable":true,"href":"https:\/\/elmetidosv.com\/index.php?rest_route=\/wp\/v2\/media\/12525"}],"wp:attachment":[{"href":"https:\/\/elmetidosv.com\/index.php?rest_route=%2Fwp%2Fv2%2Fmedia&parent=12523"}],"wp:term":[{"taxonomy":"category","embeddable":true,"href":"https:\/\/elmetidosv.com\/index.php?rest_route=%2Fwp%2Fv2%2Fcategories&post=12523"},{"taxonomy":"post_tag","embeddable":true,"href":"https:\/\/elmetidosv.com\/index.php?rest_route=%2Fwp%2Fv2%2Ftags&post=12523"}],"curies":[{"name":"wp","href":"https:\/\/api.w.org\/{rel}","templated":true}]}}