{"id":12516,"date":"2021-01-19T17:35:14","date_gmt":"2021-01-19T23:35:14","guid":{"rendered":"http:\/\/elmetidosve.com\/?p=12516"},"modified":"2021-01-19T17:35:22","modified_gmt":"2021-01-19T23:35:22","slug":"privados-de-libertad-colaboran-en-la-construccion-de-la-subdelegacion-policial-de-acajutla","status":"publish","type":"post","link":"https:\/\/elmetidosv.com\/?p=12516","title":{"rendered":"Privados de libertad colaboran en la construcci\u00f3n de la subdelegaci\u00f3n policial de Acajutla"},"content":{"rendered":"\n<figure class=\"wp-block-gallery columns-2 is-cropped wp-block-gallery-1 is-layout-flex wp-block-gallery-is-layout-flex\"><ul class=\"blocks-gallery-grid\"><li class=\"blocks-gallery-item\"><figure><img loading=\"lazy\" decoding=\"async\" width=\"1024\" height=\"682\" src=\"http:\/\/elmetidosve.com\/wp-content\/uploads\/2021\/01\/0000-103-1024x682.jpg\" alt=\"\" data-id=\"12517\" data-link=\"http:\/\/elmetidosve.com\/?attachment_id=12517\" class=\"wp-image-12517\" srcset=\"https:\/\/elmetidosv.com\/wp-content\/uploads\/2021\/01\/0000-103-1024x682.jpg 1024w, https:\/\/elmetidosv.com\/wp-content\/uploads\/2021\/01\/0000-103-300x200.jpg 300w, https:\/\/elmetidosv.com\/wp-content\/uploads\/2021\/01\/0000-103-768x512.jpg 768w, https:\/\/elmetidosv.com\/wp-content\/uploads\/2021\/01\/0000-103.jpg 1280w\" sizes=\"auto, (max-width: 1024px) 100vw, 1024px\" \/><\/figure><\/li><li class=\"blocks-gallery-item\"><figure><img loading=\"lazy\" decoding=\"async\" width=\"360\" height=\"270\" src=\"http:\/\/elmetidosve.com\/wp-content\/uploads\/2021\/01\/000-72.jpg\" alt=\"\" data-id=\"12518\" data-link=\"http:\/\/elmetidosve.com\/?attachment_id=12518\" class=\"wp-image-12518\" srcset=\"https:\/\/elmetidosv.com\/wp-content\/uploads\/2021\/01\/000-72.jpg 360w, https:\/\/elmetidosv.com\/wp-content\/uploads\/2021\/01\/000-72-300x225.jpg 300w\" sizes=\"auto, (max-width: 360px) 100vw, 360px\" \/><\/figure><\/li><li class=\"blocks-gallery-item\"><figure><img loading=\"lazy\" decoding=\"async\" width=\"1024\" height=\"682\" src=\"http:\/\/elmetidosve.com\/wp-content\/uploads\/2021\/01\/1-35-1024x682.jpg\" alt=\"\" data-id=\"12519\" data-link=\"http:\/\/elmetidosve.com\/?attachment_id=12519\" class=\"wp-image-12519\" srcset=\"https:\/\/elmetidosv.com\/wp-content\/uploads\/2021\/01\/1-35-1024x682.jpg 1024w, https:\/\/elmetidosv.com\/wp-content\/uploads\/2021\/01\/1-35-300x200.jpg 300w, https:\/\/elmetidosv.com\/wp-content\/uploads\/2021\/01\/1-35-768x512.jpg 768w, https:\/\/elmetidosv.com\/wp-content\/uploads\/2021\/01\/1-35.jpg 1280w\" sizes=\"auto, (max-width: 1024px) 100vw, 1024px\" \/><\/figure><\/li><li class=\"blocks-gallery-item\"><figure><img loading=\"lazy\" decoding=\"async\" width=\"360\" height=\"270\" src=\"http:\/\/elmetidosve.com\/wp-content\/uploads\/2021\/01\/0000-104.jpg\" alt=\"\" data-id=\"12520\" data-full-url=\"http:\/\/elmetidosve.com\/wp-content\/uploads\/2021\/01\/0000-104.jpg\" data-link=\"http:\/\/elmetidosve.com\/?attachment_id=12520\" class=\"wp-image-12520\" srcset=\"https:\/\/elmetidosv.com\/wp-content\/uploads\/2021\/01\/0000-104.jpg 360w, https:\/\/elmetidosv.com\/wp-content\/uploads\/2021\/01\/0000-104-300x225.jpg 300w\" sizes=\"auto, (max-width: 360px) 100vw, 360px\" \/><\/figure><\/li><li class=\"blocks-gallery-item\"><figure><img loading=\"lazy\" decoding=\"async\" width=\"360\" height=\"270\" src=\"http:\/\/elmetidosve.com\/wp-content\/uploads\/2021\/01\/000-73.jpg\" alt=\"\" data-id=\"12521\" data-full-url=\"http:\/\/elmetidosve.com\/wp-content\/uploads\/2021\/01\/000-73.jpg\" data-link=\"http:\/\/elmetidosve.com\/?attachment_id=12521\" class=\"wp-image-12521\" srcset=\"https:\/\/elmetidosv.com\/wp-content\/uploads\/2021\/01\/000-73.jpg 360w, https:\/\/elmetidosv.com\/wp-content\/uploads\/2021\/01\/000-73-300x225.jpg 300w\" sizes=\"auto, (max-width: 360px) 100vw, 360px\" \/><\/figure><\/li><\/ul><\/figure>\n\n\n\n<p>Privados de libertad de la Direcci\u00f3n General de Centros Penales (DGCP) contin\u00faan apoyando en las diferentes actividades como parte de su proceso de rehabilitaci\u00f3n y reinserci\u00f3n a la sociedad.<\/p>\n\n\n\n<p>Este martes, un grupo de 60 de privados de libertad en fase de confianza de la Direcci\u00f3n General de Centros Penales (DGCP) colaboran en la construcci\u00f3n de la subdelegaci\u00f3n de la Polic\u00eda Nacional Civil (PNC) del municipio de Acajutla, Sonsonate.<\/p>\n\n\n\n<p>\u201cEl Presidente de la Rep\u00fablica, Nayib&nbsp; Bukele, &nbsp;nos ha designado mejorar la infraestructura de nuestros h\u00e9roes policiales en el marco del Plan Cero Ocio\u201d, afirma el director de la DGCP, Osiris Luna Meza.<\/p>\n\n\n\n<p>Asimismo, en apoyo a Migraci\u00f3n y Extranjer\u00eda, a trav\u00e9s de privados de libertad tambi\u00e9n apoyan en las en labores de mantenimiento, limpieza y pintura de las oficinas de Atenci\u00f3n al Migrante.<\/p>\n\n\n\n<p>Cabe destacar tambi\u00e9n el esfuerzo que privados del Sistema Penitenciario colaboran en la log\u00edstica de cargamento y distribuci\u00f3n de los paquetes alimentarios que son destinados a todas las familias salvadore\u00f1a&nbsp; afectadas por la pandemia del Covid-19.<br><\/p>\n","protected":false},"excerpt":{"rendered":"<p>Privados de libertad de la Direcci\u00f3n General de Centros Penales (DGCP) contin\u00faan apoyando en las diferentes actividades como parte de<\/p>\n","protected":false},"author":2,"featured_media":12518,"comment_status":"open","ping_status":"open","sticky":false,"template":"","format":"standard","meta":{"colormag_page_container_layout":"default_layout","colormag_page_sidebar_layout":"default_layout","footnotes":""},"categories":[1],"tags":[],"class_list":["post-12516","post","type-post","status-publish","format-standard","has-post-thumbnail","hentry","category-nacional"],"_links":{"self":[{"href":"https:\/\/elmetidosv.com\/index.php?rest_route=\/wp\/v2\/posts\/12516","targetHints":{"allow":["GET"]}}],"collection":[{"href":"https:\/\/elmetidosv.com\/index.php?rest_route=\/wp\/v2\/posts"}],"about":[{"href":"https:\/\/elmetidosv.com\/index.php?rest_route=\/wp\/v2\/types\/post"}],"author":[{"embeddable":true,"href":"https:\/\/elmetidosv.com\/index.php?rest_route=\/wp\/v2\/users\/2"}],"replies":[{"embeddable":true,"href":"https:\/\/elmetidosv.com\/index.php?rest_route=%2Fwp%2Fv2%2Fcomments&post=12516"}],"version-history":[{"count":1,"href":"https:\/\/elmetidosv.com\/index.php?rest_route=\/wp\/v2\/posts\/12516\/revisions"}],"predecessor-version":[{"id":12522,"href":"https:\/\/elmetidosv.com\/index.php?rest_route=\/wp\/v2\/posts\/12516\/revisions\/12522"}],"wp:featuredmedia":[{"embeddable":true,"href":"https:\/\/elmetidosv.com\/index.php?rest_route=\/wp\/v2\/media\/12518"}],"wp:attachment":[{"href":"https:\/\/elmetidosv.com\/index.php?rest_route=%2Fwp%2Fv2%2Fmedia&parent=12516"}],"wp:term":[{"taxonomy":"category","embeddable":true,"href":"https:\/\/elmetidosv.com\/index.php?rest_route=%2Fwp%2Fv2%2Fcategories&post=12516"},{"taxonomy":"post_tag","embeddable":true,"href":"https:\/\/elmetidosv.com\/index.php?rest_route=%2Fwp%2Fv2%2Ftags&post=12516"}],"curies":[{"name":"wp","href":"https:\/\/api.w.org\/{rel}","templated":true}]}}